{"id":63120,"date":"2019-12-05T19:41:53","date_gmt":"2019-12-05T18:41:53","guid":{"rendered":"https:\/\/www.fisifvg.org\/?p=63120"},"modified":"2019-12-05T19:41:53","modified_gmt":"2019-12-05T18:41:53","slug":"__trashed-4","status":"publish","type":"post","link":"https:\/\/comitati.fisi.org\/friuli-venezia-giulia\/blog\/2019\/12\/05\/__trashed-4\/","title":{"rendered":"Emanuele Buzzi fuori nel superG di Beaver Creek"},"content":{"rendered":"<p>\u00c8 durato una ventina di secondi il superG di Coppa del Mondo di Beaver Creek (Usa) per Emanuele Buzzi.<\/p>\n<p>Il sappadino, reduce dal 13\u00b0 posto di Lake Louise nella stessa specialit\u00e0, ha commesso un errore poco dopo il primo intermedio non riuscendo a recuperare e fermandosi lungo la pista.<\/p>\n<p>Prima vittoria in CdM del talento svizzero Marco Odermatt. Decimo l&#8217;ex bachmaniano Mattia Casse, tredicesimo Dominik Paris.<\/p>\n<p>Sabato alle 19 \u00e8 in programma la discesa; Buzzi avr\u00e0 il 6, mai in Coppa del Mondo si era ritrovato con un pettorale cos\u00ec basso.<\/p>\n<p><a href=\"http:\/\/live.fis-ski.com\/lv-al0028.htm#\/ranking\">CLASSIFICA<\/a><\/p>\n<p><em><strong>(nella foto Pentaphoto, Lele Buzzi in azione a Beaver Creek)<\/strong><\/em><\/p>\n","protected":false},"excerpt":{"rendered":"<p>Il sappadino, reduce dal 13\u00b0 posto di Lake Louise nella stessa specialit\u00e0, ha commesso un errore poco dopo il primo intermedio<\/p>\n","protected":false},"author":4,"featured_media":63121,"comment_status":"closed","ping_status":"closed","sticky":false,"template":"","format":"standard","meta":{"_acf_changed":false,"footnotes":""},"categories":[10,15],"tags":[886,98,134,211],"acf":[],"_links":{"self":[{"href":"https:\/\/comitati.fisi.org\/friuli-venezia-giulia\/wp-json\/wp\/v2\/posts\/63120"}],"collection":[{"href":"https:\/\/comitati.fisi.org\/friuli-venezia-giulia\/wp-json\/wp\/v2\/posts"}],"about":[{"href":"https:\/\/comitati.fisi.org\/friuli-venezia-giulia\/wp-json\/wp\/v2\/types\/post"}],"author":[{"embeddable":true,"href":"https:\/\/comitati.fisi.org\/friuli-venezia-giulia\/wp-json\/wp\/v2\/users\/4"}],"replies":[{"embeddable":true,"href":"https:\/\/comitati.fisi.org\/friuli-venezia-giulia\/wp-json\/wp\/v2\/comments?post=63120"}],"version-history":[{"count":0,"href":"https:\/\/comitati.fisi.org\/friuli-venezia-giulia\/wp-json\/wp\/v2\/posts\/63120\/revisions"}],"wp:featuredmedia":[{"embeddable":true,"href":"https:\/\/comitati.fisi.org\/friuli-venezia-giulia\/wp-json\/wp\/v2\/media\/63121"}],"wp:attachment":[{"href":"https:\/\/comitati.fisi.org\/friuli-venezia-giulia\/wp-json\/wp\/v2\/media?parent=63120"}],"wp:term":[{"taxonomy":"category","embeddable":true,"href":"https:\/\/comitati.fisi.org\/friuli-venezia-giulia\/wp-json\/wp\/v2\/categories?post=63120"},{"taxonomy":"post_tag","embeddable":true,"href":"https:\/\/comitati.fisi.org\/friuli-venezia-giulia\/wp-json\/wp\/v2\/tags?post=63120"}],"curies":[{"name":"wp","href":"https:\/\/api.w.org\/{rel}","templated":true}]}}