{"id":63115,"date":"2019-12-05T13:51:27","date_gmt":"2019-12-05T12:51:27","guid":{"rendered":"https:\/\/www.fisifvg.org\/?p=63115"},"modified":"2019-12-05T13:51:27","modified_gmt":"2019-12-05T12:51:27","slug":"mattia-variola-22-nel-bob-a-due-di-coppa-europa-in-germania","status":"publish","type":"post","link":"https:\/\/comitati.fisi.org\/friuli-venezia-giulia\/blog\/2019\/12\/05\/mattia-variola-22-nel-bob-a-due-di-coppa-europa-in-germania\/","title":{"rendered":"Mattia Variola 22\u00b0 nel bob a due di Coppa Europa in Germania"},"content":{"rendered":"<p>\u00c8 ancora un equipaggio tedesco ad aggiudicarsi la gara bob a due maschile disputata nel budello di Altenberg, in Germania, seconda tappa della della <strong>Coppa Europa di bob<\/strong>. Dopo la vittoria firmata dalla coppia Illmann \/Fleischhauer a Lillehammer, questa volta \u00e8 toccato agli altri teutonici Oelsner\/Strauss, bravi nel chiudere davanti ai rumeni guidati da Tentea di 0&#8243;36. Il podio \u00e8 completato dalla Svizzera rappresentata dal duo Rohner\/Faessler, staccato di 0&#8243;42. L&#8217;equipaggio italiano composto dal guidatore Patrick Baumgartner e dal frenatore Alexi Essoh Atchori si \u00e8 piazzato al 15esimo posto al termine delle run con un ritardo di 1&#8243;79 dalla vetta. L&#8217;altra coppia azzurra <strong>Mattia Variola<\/strong>\/Alex Verginer si \u00e8 dovuta accontentare del 22esima posizione, senza riuscire a conquistare l&#8217;accesso alla seconda manche gara. Lo stesso format di gara verr\u00e0 riproposto nella giornata di venerd\u00ec con protagonisti uomini e donne, mentre sabato 7 dicembre ci sar\u00e0 spazio per le gare di bob a quattro. Entrambi gli appuntamenti prenderanno il via alle ore 09,00.<\/p>\n<p><a href=\"http:\/\/comitati.fisi.org\/friuli-venezia-giulia\/wp-content\/uploads\/sites\/34\/2019\/12\/396e10f1-c1f3-4e92-9dbf-ca9c48bfd4a0_result_ec_bob_2er_herren_051219_09h00.pdf\">CLASSIFICA<\/a><\/p>\n<p><em><strong>(nella foto Mattia Variola)<\/strong><\/em><\/p>\n","protected":false},"excerpt":{"rendered":"<p>\u00c8 ancora un equipaggio tedesco ad aggiudicarsi la gara bob a due maschile disputata nel budello di Altenberg<\/p>\n","protected":false},"author":4,"featured_media":46303,"comment_status":"closed","ping_status":"closed","sticky":false,"template":"","format":"standard","meta":{"_acf_changed":false,"footnotes":""},"categories":[16,17],"tags":[183,248,244],"acf":[],"_links":{"self":[{"href":"https:\/\/comitati.fisi.org\/friuli-venezia-giulia\/wp-json\/wp\/v2\/posts\/63115"}],"collection":[{"href":"https:\/\/comitati.fisi.org\/friuli-venezia-giulia\/wp-json\/wp\/v2\/posts"}],"about":[{"href":"https:\/\/comitati.fisi.org\/friuli-venezia-giulia\/wp-json\/wp\/v2\/types\/post"}],"author":[{"embeddable":true,"href":"https:\/\/comitati.fisi.org\/friuli-venezia-giulia\/wp-json\/wp\/v2\/users\/4"}],"replies":[{"embeddable":true,"href":"https:\/\/comitati.fisi.org\/friuli-venezia-giulia\/wp-json\/wp\/v2\/comments?post=63115"}],"version-history":[{"count":0,"href":"https:\/\/comitati.fisi.org\/friuli-venezia-giulia\/wp-json\/wp\/v2\/posts\/63115\/revisions"}],"wp:featuredmedia":[{"embeddable":true,"href":"https:\/\/comitati.fisi.org\/friuli-venezia-giulia\/wp-json\/wp\/v2\/media\/46303"}],"wp:attachment":[{"href":"https:\/\/comitati.fisi.org\/friuli-venezia-giulia\/wp-json\/wp\/v2\/media?parent=63115"}],"wp:term":[{"taxonomy":"category","embeddable":true,"href":"https:\/\/comitati.fisi.org\/friuli-venezia-giulia\/wp-json\/wp\/v2\/categories?post=63115"},{"taxonomy":"post_tag","embeddable":true,"href":"https:\/\/comitati.fisi.org\/friuli-venezia-giulia\/wp-json\/wp\/v2\/tags?post=63115"}],"curies":[{"name":"wp","href":"https:\/\/api.w.org\/{rel}","templated":true}]}}