{"id":63085,"date":"2019-12-04T14:07:17","date_gmt":"2019-12-04T13:07:17","guid":{"rendered":"https:\/\/www.fisifvg.org\/?p=63085"},"modified":"2019-12-04T14:07:17","modified_gmt":"2019-12-04T13:07:17","slug":"coppa-europa-di-bob-quattro-fvg-su-nove-nella-squadra-nazionale","status":"publish","type":"post","link":"https:\/\/comitati.fisi.org\/friuli-venezia-giulia\/blog\/2019\/12\/04\/coppa-europa-di-bob-quattro-fvg-su-nove-nella-squadra-nazionale\/","title":{"rendered":"Coppa Europa di bob, quattro FVG su nove nella squadra italiana"},"content":{"rendered":"<p>Gioved\u00ec 5 dicembre sar\u00e0 di nuovo tempo di Coppa Europa per le donne e gli uomini del bob.<\/p>\n<p>Il direttore tecnico Omar Sacco ha convocato nove atleti, che saranno impegnati ad Altenberg, in Germania, per il secondo appuntamento stagionale dopo quello di Lillehammer. L&#8217;equipaggio italiano sar\u00e0 composto da <strong>Mattia Variola, Costantino Ughi,<\/strong> Alex Verginer, <strong>Giada Andreutti,<\/strong> Patrick Baumgartner, Mattia Castellazzi, <strong>Tania Vicenzino,<\/strong> Lucrezia Tavella e Alexi Essoh Atchori.<\/p>\n<p>Il programma scatter\u00e0 gioved\u00ec 5 novembre con una gara a bob a due maschile programmata per le ore 09,00. Il format si ripeter\u00e0, nel medesimo orario, anche nella giornata di venerd\u00ec, questa volta con donne e uomini protagonisti nel budello. La tappa tedesca si concluder\u00e0 sabato 7 dicembre con una gara di bob a quattro, sempre a partire dalle ore 9 del mattino.<\/p>\n<p><em><strong>(nella foto, da sinistra, Ughi, Variola, Vicenzino e Andreutti)<\/strong><\/em><\/p>\n","protected":false},"excerpt":{"rendered":"<p>Da gioved\u00ec 5 dicembre appuntamento a Altenberg per Variola, Ughi, Andreutti e Vicenzino<\/p>\n","protected":false},"author":4,"featured_media":62426,"comment_status":"closed","ping_status":"closed","sticky":false,"template":"","format":"standard","meta":{"_acf_changed":false,"footnotes":""},"categories":[16,10,17],"tags":[885,183,58],"acf":[],"_links":{"self":[{"href":"https:\/\/comitati.fisi.org\/friuli-venezia-giulia\/wp-json\/wp\/v2\/posts\/63085"}],"collection":[{"href":"https:\/\/comitati.fisi.org\/friuli-venezia-giulia\/wp-json\/wp\/v2\/posts"}],"about":[{"href":"https:\/\/comitati.fisi.org\/friuli-venezia-giulia\/wp-json\/wp\/v2\/types\/post"}],"author":[{"embeddable":true,"href":"https:\/\/comitati.fisi.org\/friuli-venezia-giulia\/wp-json\/wp\/v2\/users\/4"}],"replies":[{"embeddable":true,"href":"https:\/\/comitati.fisi.org\/friuli-venezia-giulia\/wp-json\/wp\/v2\/comments?post=63085"}],"version-history":[{"count":0,"href":"https:\/\/comitati.fisi.org\/friuli-venezia-giulia\/wp-json\/wp\/v2\/posts\/63085\/revisions"}],"wp:featuredmedia":[{"embeddable":true,"href":"https:\/\/comitati.fisi.org\/friuli-venezia-giulia\/wp-json\/wp\/v2\/media\/62426"}],"wp:attachment":[{"href":"https:\/\/comitati.fisi.org\/friuli-venezia-giulia\/wp-json\/wp\/v2\/media?parent=63085"}],"wp:term":[{"taxonomy":"category","embeddable":true,"href":"https:\/\/comitati.fisi.org\/friuli-venezia-giulia\/wp-json\/wp\/v2\/categories?post=63085"},{"taxonomy":"post_tag","embeddable":true,"href":"https:\/\/comitati.fisi.org\/friuli-venezia-giulia\/wp-json\/wp\/v2\/tags?post=63085"}],"curies":[{"name":"wp","href":"https:\/\/api.w.org\/{rel}","templated":true}]}}