{"id":63052,"date":"2019-12-03T13:01:29","date_gmt":"2019-12-03T12:01:29","guid":{"rendered":"https:\/\/www.fisifvg.org\/?p=63052"},"modified":"2019-12-03T13:01:29","modified_gmt":"2019-12-03T12:01:29","slug":"alessandro-pittin-in-gara-nella-seconda-tappa-di-coppa-del-mondo-di-combinata","status":"publish","type":"post","link":"https:\/\/comitati.fisi.org\/friuli-venezia-giulia\/blog\/2019\/12\/03\/alessandro-pittin-in-gara-nella-seconda-tappa-di-coppa-del-mondo-di-combinata\/","title":{"rendered":"Alessandro Pittin in gara nella seconda tappa della Coppa del Mondo di combinata"},"content":{"rendered":"<p>Sono quattro i convocati dal direttore tecnico nazionale della combinata Federico Rigoni per la trasferta di Lillehammer, seconda tappa di Coppa del mondo.<\/p>\n<p>Rispetto alle precedenti gare sulle nevi finlandesi di Ruka, il gruppo scende di una unit\u00e0 e sar\u00e0 composto da <strong>Alessandro Pittin<\/strong>, Samuel Costa, Aaron Kostner e Lukas Runggaldier.<\/p>\n<p>Non sar\u00e0 presente <strong>Raffaele Buzzi,<\/strong> che invece partir\u00e0 per gli Stati Uniti, dove a met\u00e0 dicembre prender\u00e0 parte a tre gare valevoli per la Continental Cup allo Utah Olympic Park.<\/p>\n<p>Nella localit\u00e0 norvegese il programma prevede una Gundersen dal trampolino HS140 venerd\u00ec 6 dicembre, seguita dalla prova a squadre di sabato 7 e da un&#8217;altra Gundersen domenica 8 dicembre.<\/p>\n","protected":false},"excerpt":{"rendered":"<p>A Lillehammer non sar\u00e0 presente Raffaele Buzzi, che a met\u00e0 dicembre prender\u00e0 parte a tre gare valevoli per la Continental Cup negli Usa<\/p>\n","protected":false},"author":4,"featured_media":57069,"comment_status":"closed","ping_status":"closed","sticky":false,"template":"","format":"standard","meta":{"_acf_changed":false,"footnotes":""},"categories":[14,10],"tags":[98,571,75],"acf":[],"_links":{"self":[{"href":"https:\/\/comitati.fisi.org\/friuli-venezia-giulia\/wp-json\/wp\/v2\/posts\/63052"}],"collection":[{"href":"https:\/\/comitati.fisi.org\/friuli-venezia-giulia\/wp-json\/wp\/v2\/posts"}],"about":[{"href":"https:\/\/comitati.fisi.org\/friuli-venezia-giulia\/wp-json\/wp\/v2\/types\/post"}],"author":[{"embeddable":true,"href":"https:\/\/comitati.fisi.org\/friuli-venezia-giulia\/wp-json\/wp\/v2\/users\/4"}],"replies":[{"embeddable":true,"href":"https:\/\/comitati.fisi.org\/friuli-venezia-giulia\/wp-json\/wp\/v2\/comments?post=63052"}],"version-history":[{"count":0,"href":"https:\/\/comitati.fisi.org\/friuli-venezia-giulia\/wp-json\/wp\/v2\/posts\/63052\/revisions"}],"wp:featuredmedia":[{"embeddable":true,"href":"https:\/\/comitati.fisi.org\/friuli-venezia-giulia\/wp-json\/wp\/v2\/media\/57069"}],"wp:attachment":[{"href":"https:\/\/comitati.fisi.org\/friuli-venezia-giulia\/wp-json\/wp\/v2\/media?parent=63052"}],"wp:term":[{"taxonomy":"category","embeddable":true,"href":"https:\/\/comitati.fisi.org\/friuli-venezia-giulia\/wp-json\/wp\/v2\/categories?post=63052"},{"taxonomy":"post_tag","embeddable":true,"href":"https:\/\/comitati.fisi.org\/friuli-venezia-giulia\/wp-json\/wp\/v2\/tags?post=63052"}],"curies":[{"name":"wp","href":"https:\/\/api.w.org\/{rel}","templated":true}]}}