{"id":62971,"date":"2019-12-01T14:32:01","date_gmt":"2019-12-01T13:32:01","guid":{"rendered":"https:\/\/www.fisifvg.org\/?p=62971"},"modified":"2019-12-01T14:32:01","modified_gmt":"2019-12-01T13:32:01","slug":"pittin-e-buzzi-beffati-dal-vento-nella-coppa-del-mondo-di-combinata","status":"publish","type":"post","link":"https:\/\/comitati.fisi.org\/friuli-venezia-giulia\/blog\/2019\/12\/01\/pittin-e-buzzi-beffati-dal-vento-nella-coppa-del-mondo-di-combinata\/","title":{"rendered":"Pittin e Buzzi beffati dal vento nella Coppa del Mondo di combinata"},"content":{"rendered":"<p>L&#8217;ultima tappa del trittico di apertura della Coppa del Mondo di combinata nordica ha riservato una beffa ai due friulani in gara.<\/p>\n<p>A Ruka (Finlandia) dopo pochi salti la giuria ha infatti deciso di annullare la prova di salto a causa del forte vento. Come da regolamento, \u00e8 stato cos\u00ec preso in considerazione il Provisional Round disputato gioved\u00ec, nel quale<strong> Alessandro Pittin<\/strong> era giunto 35\u00b0 con l&#8217;abissale ritardo di 5&#8217;52&#8221; dal norvegese Riiber e 3&#8217;24&#8221; dalla top ten.<\/p>\n<p>Peggio ancora \u00e8 andata a <strong>Raffaele Buzzi,<\/strong> che oggi aveva saltato poco prima della cancellazione (era ultimo) ma non avendo partecipato al Provisional Round, non ha potuto prendere parte alla gara.<\/p>\n<p>Pittin ha poi chiuso 29\u00b0 (portando quindi a casa due punti) a 5&#8217;29&#8221; da Riiber, che conquista cos\u00ec tutte le tre gare iniziali della stagione.<\/p>\n<p><a href=\"http:\/\/live.fis-ski.com\/nk-4130\/results-pda.htm\">CLASSIFICA<\/a><\/p>\n","protected":false},"excerpt":{"rendered":"<p>Annullato il salto di gara di Ruka, \u00e8 stato preso in considerazione il Provisional Round di gioved\u00ec<\/p>\n","protected":false},"author":4,"featured_media":61778,"comment_status":"closed","ping_status":"closed","sticky":false,"template":"","format":"standard","meta":{"_acf_changed":false,"footnotes":""},"categories":[14,10],"tags":[98,75,882],"acf":[],"_links":{"self":[{"href":"https:\/\/comitati.fisi.org\/friuli-venezia-giulia\/wp-json\/wp\/v2\/posts\/62971"}],"collection":[{"href":"https:\/\/comitati.fisi.org\/friuli-venezia-giulia\/wp-json\/wp\/v2\/posts"}],"about":[{"href":"https:\/\/comitati.fisi.org\/friuli-venezia-giulia\/wp-json\/wp\/v2\/types\/post"}],"author":[{"embeddable":true,"href":"https:\/\/comitati.fisi.org\/friuli-venezia-giulia\/wp-json\/wp\/v2\/users\/4"}],"replies":[{"embeddable":true,"href":"https:\/\/comitati.fisi.org\/friuli-venezia-giulia\/wp-json\/wp\/v2\/comments?post=62971"}],"version-history":[{"count":0,"href":"https:\/\/comitati.fisi.org\/friuli-venezia-giulia\/wp-json\/wp\/v2\/posts\/62971\/revisions"}],"wp:featuredmedia":[{"embeddable":true,"href":"https:\/\/comitati.fisi.org\/friuli-venezia-giulia\/wp-json\/wp\/v2\/media\/61778"}],"wp:attachment":[{"href":"https:\/\/comitati.fisi.org\/friuli-venezia-giulia\/wp-json\/wp\/v2\/media?parent=62971"}],"wp:term":[{"taxonomy":"category","embeddable":true,"href":"https:\/\/comitati.fisi.org\/friuli-venezia-giulia\/wp-json\/wp\/v2\/categories?post=62971"},{"taxonomy":"post_tag","embeddable":true,"href":"https:\/\/comitati.fisi.org\/friuli-venezia-giulia\/wp-json\/wp\/v2\/tags?post=62971"}],"curies":[{"name":"wp","href":"https:\/\/api.w.org\/{rel}","templated":true}]}}