{"id":62946,"date":"2019-11-30T18:10:17","date_gmt":"2019-11-30T17:10:17","guid":{"rendered":"https:\/\/www.fisifvg.org\/?p=62946"},"modified":"2019-11-30T18:10:17","modified_gmt":"2019-11-30T17:10:17","slug":"lisa-vittozzi-dopo-la-vittoria-ora-pero-non-gasiamoci-troppo","status":"publish","type":"post","link":"https:\/\/comitati.fisi.org\/friuli-venezia-giulia\/blog\/2019\/11\/30\/lisa-vittozzi-dopo-la-vittoria-ora-pero-non-gasiamoci-troppo\/","title":{"rendered":"Lisa Vittozzi dopo la vittoria: \u00abOra per\u00f2 non gasiamoci troppo\u00bb"},"content":{"rendered":"<p>Le parole di <strong>Lisa Vittozzi <\/strong>dopo il <a href=\"https:\/\/www.fisifvg.org\/2019\/11\/30\/litalia-di-lisa-vittozzi-trionfa-nella-staffetta-mista\/\">successo dell&#8217;Italia nella staffetta mista di Coppa del Mondo di biathlon<\/a>.<\/p>\n<p>&#8220;Non vedevo l&#8217;ora di cominciare e l&#8217;ho dimostrato \u00a0E&#8217; andata bene, forse sono stata un po&#8217; troppo frettolosa nel chiudere la prima serie, per\u00f2 ho reagito bene e nella seconda le cose sono andate meglio. Le avversarie hanno imparato a rispettarci, ma non gasiamoci troppo. Oggi il vento nell&#8217;azzeramento era fastidioso, quando sono arrivato a sparare in piedi avevo intenzione di andare sulla piazzola numero1 perch\u00e8 mi sembrava coperta, ma le bandierine sventolavano parecchio e ho dovuto controllare bene la situazione. Guardiamo avanti, domenica la sprint sar\u00e0 una nuova opportunit\u00e0 per tutti e si ripartir\u00e0 da capo&#8221;.<\/p>\n<p><em><strong>(nella foto Ibu, Lisa Vittozzi in azione oggi nella staffetta mista)<\/strong><\/em><\/p>\n","protected":false},"excerpt":{"rendered":"<p>La sappadina commenta il successo dell&#8217;Italia nella staffetta mista di Coppa del Mondo di biathlon<\/p>\n","protected":false},"author":4,"featured_media":62955,"comment_status":"closed","ping_status":"closed","sticky":false,"template":"","format":"standard","meta":{"_acf_changed":false,"footnotes":""},"categories":[13,10],"tags":[501,336,108],"acf":[],"_links":{"self":[{"href":"https:\/\/comitati.fisi.org\/friuli-venezia-giulia\/wp-json\/wp\/v2\/posts\/62946"}],"collection":[{"href":"https:\/\/comitati.fisi.org\/friuli-venezia-giulia\/wp-json\/wp\/v2\/posts"}],"about":[{"href":"https:\/\/comitati.fisi.org\/friuli-venezia-giulia\/wp-json\/wp\/v2\/types\/post"}],"author":[{"embeddable":true,"href":"https:\/\/comitati.fisi.org\/friuli-venezia-giulia\/wp-json\/wp\/v2\/users\/4"}],"replies":[{"embeddable":true,"href":"https:\/\/comitati.fisi.org\/friuli-venezia-giulia\/wp-json\/wp\/v2\/comments?post=62946"}],"version-history":[{"count":0,"href":"https:\/\/comitati.fisi.org\/friuli-venezia-giulia\/wp-json\/wp\/v2\/posts\/62946\/revisions"}],"wp:featuredmedia":[{"embeddable":true,"href":"https:\/\/comitati.fisi.org\/friuli-venezia-giulia\/wp-json\/wp\/v2\/media\/62955"}],"wp:attachment":[{"href":"https:\/\/comitati.fisi.org\/friuli-venezia-giulia\/wp-json\/wp\/v2\/media?parent=62946"}],"wp:term":[{"taxonomy":"category","embeddable":true,"href":"https:\/\/comitati.fisi.org\/friuli-venezia-giulia\/wp-json\/wp\/v2\/categories?post=62946"},{"taxonomy":"post_tag","embeddable":true,"href":"https:\/\/comitati.fisi.org\/friuli-venezia-giulia\/wp-json\/wp\/v2\/tags?post=62946"}],"curies":[{"name":"wp","href":"https:\/\/api.w.org\/{rel}","templated":true}]}}