{"id":62900,"date":"2019-11-29T14:09:03","date_gmt":"2019-11-29T13:09:03","guid":{"rendered":"https:\/\/www.fisifvg.org\/?p=62900"},"modified":"2019-11-29T14:09:03","modified_gmt":"2019-11-29T13:09:03","slug":"lista-punti-fisi-sci-alpino-importante-precisazione-per-i-master","status":"publish","type":"post","link":"https:\/\/comitati.fisi.org\/friuli-venezia-giulia\/blog\/2019\/11\/29\/lista-punti-fisi-sci-alpino-importante-precisazione-per-i-master\/","title":{"rendered":"Lista Punti FISI sci alpino, importante precisazione per i Master"},"content":{"rendered":"<p><em><strong>Pubblichiamo una comunicazione del Centro Elaborazione Dati (CED) della FISI.<\/strong><\/em><\/p>\n<p>Si informa che, specificatamente all&#8217;<strong>attivit\u00e0 sportiva\u00a0Internazionale<\/strong>\u00a0<strong>Master<\/strong>\u00a0,\u00a0la\u00a0<strong>1\u00b0 Lista Punti FISI 2019\/2020<\/strong>\u00a0di\u00a0<strong>Sci Alpino<\/strong>\u00a0\u00e8 stata rielaborata secondo le disposizioni del\u00a0Responsabile Sci Alpino della CCAAeF\u00a0<em>(Commissione Coordinamento Attivit\u00e0 Agonistiche e Funzionali)<\/em>:\u00a0<em>&#8220;Visto l\u2019aggiornamento di pi\u00f9 Liste Punti FISI durante la stagione, la scelta del miglior punteggio di specialit\u00e0 tra quello FISI e FIS (per gli atleti che svolgono attivit\u00e0 internazionale) dev\u2019essere fatto sull&#8217;ultima\u00a0<strong>Lista FIS Sci Alpino<\/strong>, e\u00a0<strong>non\u00a0sulla Lista FIS Sci Alpino MASTER,<\/strong> perch\u00e9 il calcolo effettuato dalla Federazione Internazionale Sci\u00a0su quest\u2019ultima (Master) \u00e8 completamente diverso nei parametri, e quindi\u00a0<strong>non \u00e8 applicabile ai punteggi FISI&#8221;<\/strong>.<\/em><\/p>\n<p>Le richieste di rettifica punteggi sono quindi\u00a0<strong>prorogate<\/strong>\u00a0, fatta eccezione per il mancato invio alla FISI delle classifiche entro i termini stabiliti\u00a0<em>(art. 2.2 &#8211; Agenda degli Sport Invernali 2018\/2019)<\/em>, e saranno esaminate dall&#8217;ufficio Punteggi, su segnalazione scritta della Societ\u00e0 di appartenenza dell&#8217;atleta, o dall&#8217;atleta stesso,\u00a0<strong>entro e non oltre\u00a0<\/strong>\u00a0il termine perentorio dell&#8217;\u00a0<strong>8 dicembre\u00a02019<\/strong>.<\/p>\n<p>La segnalazione scritta deve essere ben dettagliata e deve riportare tutti i riferimenti del caso, nonch\u00e9 eventuali calcoli comparativi.<\/p>\n<p>Trascorso tale termine decade ogni diritto.<\/p>\n<p>A partire dal\u00a09\u00a0dicembre 2019\u00a0la 1\u00b0\u00a0Lista Punti FISI 2019\/2020 di Sci Alpino\u00a0diventer\u00e0 a tutti gli effetti DEFINITIVA, e quindi non pi\u00f9 suscettibile di variazioni.<\/p>\n","protected":false},"excerpt":{"rendered":"<p>Pubblichiamo una comunicazione del Centro Elaborazione Dati della FISI relativa all&#8217;attivit\u00e0 internazionale<\/p>\n","protected":false},"author":4,"featured_media":21794,"comment_status":"closed","ping_status":"closed","sticky":false,"template":"","format":"standard","meta":{"_acf_changed":false,"footnotes":""},"categories":[10,15],"tags":[205,672,45,605],"acf":[],"_links":{"self":[{"href":"https:\/\/comitati.fisi.org\/friuli-venezia-giulia\/wp-json\/wp\/v2\/posts\/62900"}],"collection":[{"href":"https:\/\/comitati.fisi.org\/friuli-venezia-giulia\/wp-json\/wp\/v2\/posts"}],"about":[{"href":"https:\/\/comitati.fisi.org\/friuli-venezia-giulia\/wp-json\/wp\/v2\/types\/post"}],"author":[{"embeddable":true,"href":"https:\/\/comitati.fisi.org\/friuli-venezia-giulia\/wp-json\/wp\/v2\/users\/4"}],"replies":[{"embeddable":true,"href":"https:\/\/comitati.fisi.org\/friuli-venezia-giulia\/wp-json\/wp\/v2\/comments?post=62900"}],"version-history":[{"count":0,"href":"https:\/\/comitati.fisi.org\/friuli-venezia-giulia\/wp-json\/wp\/v2\/posts\/62900\/revisions"}],"wp:featuredmedia":[{"embeddable":true,"href":"https:\/\/comitati.fisi.org\/friuli-venezia-giulia\/wp-json\/wp\/v2\/media\/21794"}],"wp:attachment":[{"href":"https:\/\/comitati.fisi.org\/friuli-venezia-giulia\/wp-json\/wp\/v2\/media?parent=62900"}],"wp:term":[{"taxonomy":"category","embeddable":true,"href":"https:\/\/comitati.fisi.org\/friuli-venezia-giulia\/wp-json\/wp\/v2\/categories?post=62900"},{"taxonomy":"post_tag","embeddable":true,"href":"https:\/\/comitati.fisi.org\/friuli-venezia-giulia\/wp-json\/wp\/v2\/tags?post=62900"}],"curies":[{"name":"wp","href":"https:\/\/api.w.org\/{rel}","templated":true}]}}