{"id":62875,"date":"2019-11-28T16:17:23","date_gmt":"2019-11-28T15:17:23","guid":{"rendered":"https:\/\/www.fisifvg.org\/?p=62875"},"modified":"2019-11-28T16:17:23","modified_gmt":"2019-11-28T15:17:23","slug":"lisa-vittozzi-non-vedo-lora-di-cominciare","status":"publish","type":"post","link":"https:\/\/comitati.fisi.org\/friuli-venezia-giulia\/blog\/2019\/11\/28\/lisa-vittozzi-non-vedo-lora-di-cominciare\/","title":{"rendered":"Lisa Vittozzi: \u00abNon vedo l&#8217;ora di cominciare\u00bb"},"content":{"rendered":"<p>Dorothea Wierer lancia la sfida, <strong>Lisa Vittozzi<\/strong> la raccoglie. Se la detentrice della <strong>Coppa del mondo femminile di biathlon<\/strong> ha dimostrato nelle gare di preparazione disputate in Norvegia di essere gi\u00e0 a buon punto, altrettanto si pu\u00f2 dire della sappadina, seconda nella passata stagione alle spalle della compagna di squadra. Il circuito riprende sabato 30 la propria corsa rispettivamente con le staffette singola e mista sulla pista svedese di Oestersund, e Lisa vuole farsi trovare pronta.<\/p>\n<p><em>&#8220;Siamo stati accolti dal tipico meteo di questa zona &#8211; <\/em>spiega la campionessa cresciuta nella squadra FISI FVG e nell&#8217;ASD Camosci <em>-. Le condizioni sono abbastanza buone, anche se nevica, mi sento abbastanza bene e non vedo l&#8217;ora di presentarmi in gara. La staffetta sar\u00e0 un bel test per cominciare, il vero esordio sar\u00e0 nella sprint di domenica. Conservo dei buoni ricordi di questa localit\u00e0, qui lo scorso mese di marzo durante i Mondiali, feci buone prestazioni come il secondo posto nell&#8217;individuale e il terzo nella staffetta mista, tuttavia spero di ottenere qualcosa di pi\u00f9, soprattutto nella stessa sprint che mi lasci\u00f2 parecchio amaro in bocca. Per\u00f2 mi sento bene, i test che abbiamo fatto nelle scorse settimane in Norvegia hanno dato riscontri soddisfacenti, penso di crescere ulteriormente e soprattutto la forma migliore deve ancora arrivare. Sinceramente non voglio pormi limiti in questa stagione, se non quello di gettare in pista tutto ci\u00f2 che posso dare in ogni occasione&#8221;.<\/em><\/p>\n","protected":false},"excerpt":{"rendered":"<p>Le parole della campionessa sappadina alla vigilia del via della Coppa del Mondo di biathlon<\/p>\n","protected":false},"author":4,"featured_media":57748,"comment_status":"closed","ping_status":"closed","sticky":false,"template":"","format":"standard","meta":{"_acf_changed":false,"footnotes":""},"categories":[13],"tags":[80,511,108],"acf":[],"_links":{"self":[{"href":"https:\/\/comitati.fisi.org\/friuli-venezia-giulia\/wp-json\/wp\/v2\/posts\/62875"}],"collection":[{"href":"https:\/\/comitati.fisi.org\/friuli-venezia-giulia\/wp-json\/wp\/v2\/posts"}],"about":[{"href":"https:\/\/comitati.fisi.org\/friuli-venezia-giulia\/wp-json\/wp\/v2\/types\/post"}],"author":[{"embeddable":true,"href":"https:\/\/comitati.fisi.org\/friuli-venezia-giulia\/wp-json\/wp\/v2\/users\/4"}],"replies":[{"embeddable":true,"href":"https:\/\/comitati.fisi.org\/friuli-venezia-giulia\/wp-json\/wp\/v2\/comments?post=62875"}],"version-history":[{"count":0,"href":"https:\/\/comitati.fisi.org\/friuli-venezia-giulia\/wp-json\/wp\/v2\/posts\/62875\/revisions"}],"wp:featuredmedia":[{"embeddable":true,"href":"https:\/\/comitati.fisi.org\/friuli-venezia-giulia\/wp-json\/wp\/v2\/media\/57748"}],"wp:attachment":[{"href":"https:\/\/comitati.fisi.org\/friuli-venezia-giulia\/wp-json\/wp\/v2\/media?parent=62875"}],"wp:term":[{"taxonomy":"category","embeddable":true,"href":"https:\/\/comitati.fisi.org\/friuli-venezia-giulia\/wp-json\/wp\/v2\/categories?post=62875"},{"taxonomy":"post_tag","embeddable":true,"href":"https:\/\/comitati.fisi.org\/friuli-venezia-giulia\/wp-json\/wp\/v2\/tags?post=62875"}],"curies":[{"name":"wp","href":"https:\/\/api.w.org\/{rel}","templated":true}]}}