{"id":62857,"date":"2019-11-26T14:56:33","date_gmt":"2019-11-26T13:56:33","guid":{"rendered":"https:\/\/www.fisifvg.org\/?p=62857"},"modified":"2019-11-26T14:56:33","modified_gmt":"2019-11-26T13:56:33","slug":"emanuele-buzzi-di-nuovo-al-cancelletto-con-lemozione-di-sempre","status":"publish","type":"post","link":"https:\/\/comitati.fisi.org\/friuli-venezia-giulia\/blog\/2019\/11\/26\/emanuele-buzzi-di-nuovo-al-cancelletto-con-lemozione-di-sempre\/","title":{"rendered":"Emanuele Buzzi: \u00abDi nuovo al cancelletto, con l\u2019emozione di sempre\u00bb"},"content":{"rendered":"<p><em><strong>Pubblichiamo quanto scritto oggi sul suo sito da Emanuele Buzzi alla vigilia delle prove cronometrate in vista della discesa di Coppa del Mondo di sci alpino in programma sabato 30 a Lake Louise, in Canada.<\/strong><\/em><\/p>\n<blockquote><p>&#8220;Da domani si fa sul serio. La Coppa del mondo comincia finalmente anche per noi delle discipline veloci: tre giorni di prove e poi sabato e domenica discesa e superG. A Copper Mountain e poi qui a Lake Louise ho lavorato bene, rifinendo una preparazione lunga, accurata, intensa. Voglio fare bene, e, come ho gi\u00e0 detto, avere costanza di risultati ad alto livello. So anche che non sar\u00e0 facile andare forte fin da subito perch\u00e9 alcuni automatismi sono da migliorare e in gara \u00e8 comunque sempre diverso rispetto all\u2019allenamento. Ma tutto \u00e8 stato fatto come doveva, sono motivato e fiducioso. E anche emozionato. S\u00ec, l\u2019emozione di essere al cancelletto, quell\u2019emozione che avevo da bambino quando mi cimentavo nelle prime gare, quell\u2019emozione da primo giorno di scuola che non cambia mai ogni volta che ha inizio una nuova stagione!&#8221;<\/p><\/blockquote>\n","protected":false},"excerpt":{"rendered":"<p>Il sappadino di nuovo in pista a dieci mesi dall&#8217;incidente di Wengen<\/p>\n","protected":false},"author":4,"featured_media":42657,"comment_status":"closed","ping_status":"closed","sticky":false,"template":"","format":"standard","meta":{"_acf_changed":false,"footnotes":""},"categories":[15],"tags":[98,134,879,128],"acf":[],"_links":{"self":[{"href":"https:\/\/comitati.fisi.org\/friuli-venezia-giulia\/wp-json\/wp\/v2\/posts\/62857"}],"collection":[{"href":"https:\/\/comitati.fisi.org\/friuli-venezia-giulia\/wp-json\/wp\/v2\/posts"}],"about":[{"href":"https:\/\/comitati.fisi.org\/friuli-venezia-giulia\/wp-json\/wp\/v2\/types\/post"}],"author":[{"embeddable":true,"href":"https:\/\/comitati.fisi.org\/friuli-venezia-giulia\/wp-json\/wp\/v2\/users\/4"}],"replies":[{"embeddable":true,"href":"https:\/\/comitati.fisi.org\/friuli-venezia-giulia\/wp-json\/wp\/v2\/comments?post=62857"}],"version-history":[{"count":0,"href":"https:\/\/comitati.fisi.org\/friuli-venezia-giulia\/wp-json\/wp\/v2\/posts\/62857\/revisions"}],"wp:featuredmedia":[{"embeddable":true,"href":"https:\/\/comitati.fisi.org\/friuli-venezia-giulia\/wp-json\/wp\/v2\/media\/42657"}],"wp:attachment":[{"href":"https:\/\/comitati.fisi.org\/friuli-venezia-giulia\/wp-json\/wp\/v2\/media?parent=62857"}],"wp:term":[{"taxonomy":"category","embeddable":true,"href":"https:\/\/comitati.fisi.org\/friuli-venezia-giulia\/wp-json\/wp\/v2\/categories?post=62857"},{"taxonomy":"post_tag","embeddable":true,"href":"https:\/\/comitati.fisi.org\/friuli-venezia-giulia\/wp-json\/wp\/v2\/tags?post=62857"}],"curies":[{"name":"wp","href":"https:\/\/api.w.org\/{rel}","templated":true}]}}