{"id":62854,"date":"2019-11-26T11:48:47","date_gmt":"2019-11-26T10:48:47","guid":{"rendered":"https:\/\/www.fisifvg.org\/?p=62854"},"modified":"2019-11-26T11:48:47","modified_gmt":"2019-11-26T10:48:47","slug":"a-sappada-la-31a-edizione-dei-giochi-nazionali-invernali-special-olympics","status":"publish","type":"post","link":"https:\/\/comitati.fisi.org\/friuli-venezia-giulia\/blog\/2019\/11\/26\/a-sappada-la-31a-edizione-dei-giochi-nazionali-invernali-special-olympics\/","title":{"rendered":"A Sappada la 31a edizione dei Giochi Nazionali Invernali Special Olympics"},"content":{"rendered":"<p style=\"text-align: left\" align=\"JUSTIFY\"><strong>Sappada<\/strong> e la <strong>regione Friuli Venezia Giulia<\/strong> ospiteranno, dal 3 al 7 febbraio 2020, un evento sportivo dal forte valore sociale ed inclusivo: i \u201c<strong>XXXI Giochi Nazionali Invernali Special Olympics<\/strong>\u201d. Sono attesi ben 600 atleti e 50 team, che affronteranno le 4 discipline sportive dello sci alpino, nordico, snowboard e corsa con le racchette da neve nelle quattro giornate di gare. Ad aggiungersi ai partecipanti, ci saranno 200 tecnici, centinaia di familiari provenienti da tutto il Paese e 500 volontari. L&#8217;evento, organizzato da Special Olympics Italia e Team FVG in collaborazione con lo Sci Club Due di Monfalcone-Ronchi dei Legionari, aprir\u00e0 ufficialmente il calendario annuale delle manifestazioni Special Olympics, il programma internazionale pi\u00f9 diffuso al mondo di allenamenti e competizioni atletiche per persone con disabilit\u00e0 intellettiva. Fondato da <b>Eunice Kennedy Shriver\u00a0<\/b>nel 1968, \u00e8 riconosciuto dal CIO e i suoi programmi sono adottati da pi\u00f9 di 174 paesi.\u00a0In Italia<b>\u00a0<\/b>\u00e8 riconosciuta quale Associazione Benemerita dal CONI e dal CIP ed opera in tutte le Regioni dal 1983. Il suo presidente nazionale \u00e9\u00a0<i>Angelo Moratti<\/i>.<\/p>\n<p style=\"text-align: left\" align=\"JUSTIFY\">L&#8217;obiettivo dei Giochi \u00e8 quello di utilizzare lo sport come mezzo che permette alle persone con disabilit\u00e0 intellettiva di dimostrare le proprie abilit\u00e0 e come strumento per una piena integrazione nella societ\u00e0, promuovendo il valore educativo e culturale dello sport stesso, coinvolgendo disabili e normodotati per un mondo pienamente inclusivo.<b>\u00a0<\/b>Gli Special Olympics<b>\u00a0<\/b>non vengono chiamati volutamente <i>Campionati<\/i>\u00a0ma\u00a0<i>Giochi.\u00a0<\/i>L&#8217;intento \u00e8 quello di rendere protagonisti<b>\u00a0<\/b>tutti i partecipanti, senza alimentare rivalit\u00e0, sconfitte, tensioni ed agonismo esasperato, ma cercando di creare un&#8217;atmosfera ed un ambiente in cui le competizioni conservano la gioia e la serenit\u00e0 del gioco e, allo stesso tempo, la seriet\u00e0, l&#8217;ufficialit\u00e0, i protocolli e le cerimonie delle Olimpiadi, che, guarda caso, si chiamano anche Giochi Olimpici. Stimolare gli atleti nel credere in loro stessi e favorire il loro percorso di autonomia personale, questo sar\u00e0 l&#8217;obiettivo anche dei Giochi 2020.<\/p>\n<p style=\"text-align: left\" align=\"JUSTIFY\">Dopo Bardonecchia 2019, sar\u00e0 quindi Sappada ad accogliere la grande famiglia degli Special Olympics Italia. A tal proposito, il presidente del Friuli Venezia Giulia,\u00a0Massimiliano Fedriga, ha espresso grande soddisfazione per l\u2019assegnazione di questi Giochi mentre il sindaco\u00a0Manuel Piller Hofer si \u00e9 detto onorato e felice di poter ospitare un evento cos\u00ec importante e dal grande valore sociale: \u201c<i>I nostri impianti sportivi sono perfettamente attrezzati e ci auguriamo che tutti i partecipanti vivranno una settimana indimenticabile, in un ambiente caloroso e festoso\u201d, l<\/i>e parole del primo cittadino.<\/p>\n<p style=\"text-align: left\" align=\"JUSTIFY\">Il vicepresidente Special Olympics Italia\u00a0Alessandro Palazzotti, dopo una serie di riunioni e sopralluoghi in regione, si \u00e8 mostrato entusiasta della preparazione e della disponibilit\u00e0 del comitato organizzatore locale ma anche degli impianti sportivi e delle strutture ricettive di Sappada e Forni Avoltri.<\/p>\n<p style=\"text-align: left\" align=\"JUSTIFY\">L&#8217;evento in questo periodo viene presentato a vari Istituti scolastici regionali (primarie e secondarie) con l&#8217;intento preciso di coinvolgere quanti pi\u00f9 giovani possibile alla manifestazione.<\/p>\n<p style=\"text-align: left\" align=\"JUSTIFY\">Il prologo sar\u00e0 caratterizzato dalla\u00a0<i>\u201cTorch Run\u201d<\/i> ovvero il viaggio della fiaccola, simbolo olimpico per eccellenza che partir\u00e0 da piazza dell&#8217;Unit\u00e0 d&#8217;Italia a Trieste il 27 gennaio per poi toccare Monfalcone e Ronchi dei Legionari (il 28), Gradisca d&#8217;Isonzo e Gorizia\/Nova Gorica (il 29), Udine e Cividale del Friuli (il 30), Tolmezzo ed Ovaro (il 31), per arrivare infine a Sappada dove si svolger\u00e0 la cerimonia di apertura, marted\u00ec 4 febbraio alle 15:30 in Borgata Pal\u00f9.<\/p>\n<p style=\"text-align: left\" align=\"JUSTIFY\">La Torcia, nei vari comuni, porter\u00e0 anche il messaggio di pace e solidariet\u00e0 umana di cui Special Olympics si fa promotore, sensibilizzando le comunit\u00e0 locali dell&#8217;arrivo dei Giochi Nazionali Invernali.<\/p>\n","protected":false},"excerpt":{"rendered":"<p>Dal 3 al 7 febbraio 2020, un evento sportivo dal forte valore sociale ed inclusivo<\/p>\n","protected":false},"author":4,"featured_media":62855,"comment_status":"closed","ping_status":"closed","sticky":false,"template":"","format":"standard","meta":{"_acf_changed":false,"footnotes":""},"categories":[10,22,17],"tags":[228,229,182,260],"acf":[],"_links":{"self":[{"href":"https:\/\/comitati.fisi.org\/friuli-venezia-giulia\/wp-json\/wp\/v2\/posts\/62854"}],"collection":[{"href":"https:\/\/comitati.fisi.org\/friuli-venezia-giulia\/wp-json\/wp\/v2\/posts"}],"about":[{"href":"https:\/\/comitati.fisi.org\/friuli-venezia-giulia\/wp-json\/wp\/v2\/types\/post"}],"author":[{"embeddable":true,"href":"https:\/\/comitati.fisi.org\/friuli-venezia-giulia\/wp-json\/wp\/v2\/users\/4"}],"replies":[{"embeddable":true,"href":"https:\/\/comitati.fisi.org\/friuli-venezia-giulia\/wp-json\/wp\/v2\/comments?post=62854"}],"version-history":[{"count":0,"href":"https:\/\/comitati.fisi.org\/friuli-venezia-giulia\/wp-json\/wp\/v2\/posts\/62854\/revisions"}],"wp:featuredmedia":[{"embeddable":true,"href":"https:\/\/comitati.fisi.org\/friuli-venezia-giulia\/wp-json\/wp\/v2\/media\/62855"}],"wp:attachment":[{"href":"https:\/\/comitati.fisi.org\/friuli-venezia-giulia\/wp-json\/wp\/v2\/media?parent=62854"}],"wp:term":[{"taxonomy":"category","embeddable":true,"href":"https:\/\/comitati.fisi.org\/friuli-venezia-giulia\/wp-json\/wp\/v2\/categories?post=62854"},{"taxonomy":"post_tag","embeddable":true,"href":"https:\/\/comitati.fisi.org\/friuli-venezia-giulia\/wp-json\/wp\/v2\/tags?post=62854"}],"curies":[{"name":"wp","href":"https:\/\/api.w.org\/{rel}","templated":true}]}}