{"id":62850,"date":"2019-11-25T17:22:34","date_gmt":"2019-11-25T16:22:34","guid":{"rendered":"https:\/\/www.fisifvg.org\/?p=62850"},"modified":"2019-11-25T17:22:34","modified_gmt":"2019-11-25T16:22:34","slug":"prevendita-skipass-promoturismofvg-50-rispetto-allanno-scorso","status":"publish","type":"post","link":"https:\/\/comitati.fisi.org\/friuli-venezia-giulia\/blog\/2019\/11\/25\/prevendita-skipass-promoturismofvg-50-rispetto-allanno-scorso\/","title":{"rendered":"Prevendita skipass PromoturismoFVG, +50% rispetto all&#8217;anno scorso"},"content":{"rendered":"<p style=\"font-weight: 400\">Da venerd\u00ec 22 novembre \u00e8 iniziata ufficialmente la prevendita degli skipass stagionali 2019\/2020 dei poli sciistici di PromoTurismoFVG e, a partire da oggi, anche nell\u2019ufficio turistico a Sappada.<\/p>\n<p style=\"font-weight: 400\">Nel corso della prevendita che si concluder\u00e0 nella giornata di domenica 1\u00b0 dicembre 2019 (compreso), si potr\u00e0 comodamente acquistare il proprio skipass stagionale beneficiando di un&#8217;importante riduzione dei prezzi, con la confermata grande convenienza nel caso di nuclei familiari del &#8220;Pacchetto famiglia&#8221;, che permetter\u00e0 di risparmiare del 35% rispetto al prezzo pieno.<\/p>\n<p style=\"font-weight: 400\">Dopo la preview dei sei poli sciistici alla fiera udinese Idea Natale, che ha registrato la vendita oltre ogni aspettativa di quasi un migliaio di skipass giornalieri, i primi giorni di prevendita partono con un ritmo incalzante: la mattina di sabato 22 novembre si sono create file fuori dall\u2019ufficio turistico di Trieste e del Citt\u00e0 Fiera di Udine e anche il Palmanova Outlet Village ha registrato ottime performance di vendita. Ottimizzato anche il servizio del personale che in ogni punto di distribuzione vede la presenza di due addetti: uno dedicato al rilascio delle informazioni sui poli sciistici e l\u2019altro all\u2019emissione dei titoli di acquisto. A oggi si stima infatti una crescita nell\u2019andamento della prevendita di oltre il 50% e il risultato \u00e8 probabilmente merito della combinazione di una strategia di comunicazione integrata, coincisa con la caduta delle prime nevi e il mantenimento delle tariffe concorrenziali.<\/p>\n<p style=\"font-weight: 400\">Anche per l\u2019inverno 2019\/20 PromoTurismoFVG ha infatti deciso di adottare la politica del mantenimento dei prezzi dei propri stagionali, rendendo la montagna friulana la pi\u00f9 competitiva dell\u2019intero arco alpino, con prezzi inferiori rispetto ad altre destinazioni e con la possibilit\u00e0 in prevendita di risparmiare per alcune categorie di skipass fino a 70 euro.<\/p>\n<p style=\"font-weight: 400\">Confermato anche lo sconto famiglia, che per la stagione corrente ha visto estendere la categoria bambini fino ai 14 anni (la precedente annata comprendeva i bambini fino a 10 anni), mentre i pi\u00f9 piccoli, fino a 7 anni, continuano a sciare gratis.<\/p>\n<p style=\"font-weight: 400\">La grande novit\u00e0 dell\u2019inverno 2019-2020 \u00e8 che sar\u00e0 possibile acquistare la propria CartaNeve nei poli sciistici, alle terme di Arta, al Palmanova Outlet Village, agli infopoint di Trieste e Pordenone e al Citt\u00e0 Fiera di Udine.<\/p>\n<p style=\"font-weight: 400\">Solo nel periodo di prevendita (22.11-1.12.2019) sar\u00e0 possibile acquistare lo skipass stagionale con bonifico bancario, previa richiesta inviata via e-mail dal luned\u00ec al venerd\u00ec (entro le ore 16.00) a\u00a0<a href=\"mailto:preventivi-skipass@promoturismo.fvg.it\">preventivi-skipass@promoturismo.fvg.it<\/a>, dopo le ore 16.00 del venerd\u00ec e nei festivi all&#8217;indirizzo di uno dei poli sciistici. Nell&#8217;e-mail di richiesta preventivo \u00e8 obbligatorio specificare nome, cognome, data di nascita e tipologia dello skipass desiderato. Solo dopo aver ricevuto conferma da parte di PromoTurismoFVG si potr\u00e0 procedere al pagamento tramite bonifico bancario alle coordinate che verranno indicate.<\/p>\n<p style=\"font-weight: 400\"><strong>La stagione della neve inizia anticipatamente dal comprensorio di Kanin-Sella Nevea e si tratter\u00e0 di una sorta di prologo stagionale limitato alle giornate di sabato 30 novembre e domenica 1\u00b0 dicembre,<\/strong> che dar\u00e0 la possibilit\u00e0 ai turisti di poter sciare unicamente in quota sfruttando le piste servite dagli impianti Funivor e dalla seggiovia del Gilberti. Il trasporto in cima sar\u00e0 consentito dalla telecabina del Kanin, che da Sella Nevea conduce al Rifugio Gilberti.<\/p>\n<p><a href=\"https:\/\/www.fisifvg.org\/2019\/11\/21\/le-tariffe-degli-skipass-promoturismofvg-riservate-ai-tesserati-fisi\/\">CLICCA QUI LE TARIFFE RISERVATE AI TESSERATI FISI<\/a><\/p>\n","protected":false},"excerpt":{"rendered":"<p>La stagione della neve inizia in anticipo dal comprensorio di Kanin-Sella Nevea, che aprir\u00e0 sabato 30 novembre<\/p>\n","protected":false},"author":4,"featured_media":21914,"comment_status":"closed","ping_status":"closed","sticky":false,"template":"","format":"standard","meta":{"_acf_changed":false,"footnotes":""},"categories":[10,17],"tags":[300,843],"acf":[],"_links":{"self":[{"href":"https:\/\/comitati.fisi.org\/friuli-venezia-giulia\/wp-json\/wp\/v2\/posts\/62850"}],"collection":[{"href":"https:\/\/comitati.fisi.org\/friuli-venezia-giulia\/wp-json\/wp\/v2\/posts"}],"about":[{"href":"https:\/\/comitati.fisi.org\/friuli-venezia-giulia\/wp-json\/wp\/v2\/types\/post"}],"author":[{"embeddable":true,"href":"https:\/\/comitati.fisi.org\/friuli-venezia-giulia\/wp-json\/wp\/v2\/users\/4"}],"replies":[{"embeddable":true,"href":"https:\/\/comitati.fisi.org\/friuli-venezia-giulia\/wp-json\/wp\/v2\/comments?post=62850"}],"version-history":[{"count":0,"href":"https:\/\/comitati.fisi.org\/friuli-venezia-giulia\/wp-json\/wp\/v2\/posts\/62850\/revisions"}],"wp:featuredmedia":[{"embeddable":true,"href":"https:\/\/comitati.fisi.org\/friuli-venezia-giulia\/wp-json\/wp\/v2\/media\/21914"}],"wp:attachment":[{"href":"https:\/\/comitati.fisi.org\/friuli-venezia-giulia\/wp-json\/wp\/v2\/media?parent=62850"}],"wp:term":[{"taxonomy":"category","embeddable":true,"href":"https:\/\/comitati.fisi.org\/friuli-venezia-giulia\/wp-json\/wp\/v2\/categories?post=62850"},{"taxonomy":"post_tag","embeddable":true,"href":"https:\/\/comitati.fisi.org\/friuli-venezia-giulia\/wp-json\/wp\/v2\/tags?post=62850"}],"curies":[{"name":"wp","href":"https:\/\/api.w.org\/{rel}","templated":true}]}}