{"id":62839,"date":"2019-11-25T12:58:55","date_gmt":"2019-11-25T11:58:55","guid":{"rendered":"https:\/\/www.fisifvg.org\/?p=62839"},"modified":"2019-11-25T12:58:55","modified_gmt":"2019-11-25T11:58:55","slug":"buzzi-e-pittin-al-via-della-prima-tappa-della-coppa-del-mondo-2019-20-di-combinata","status":"publish","type":"post","link":"https:\/\/comitati.fisi.org\/friuli-venezia-giulia\/blog\/2019\/11\/25\/buzzi-e-pittin-al-via-della-prima-tappa-della-coppa-del-mondo-2019-20-di-combinata\/","title":{"rendered":"Buzzi e Pittin al via della prima tappa della Coppa del Mondo 2019-20"},"content":{"rendered":"<p>Sar\u00e0 il minitour di Ruka ad aprire la <strong>Coppa del mondo 2019\/2020 di combinata nordica<\/strong>. A partire da gioved\u00ec 28 novembre, gli atleti saranno impegnati nella localit\u00e0 finlandese per ben quattro giorni di gare:\u00a0si comincer\u00e0 con il consueto Provisional Competition Round per poi proseguire con tre individuali Gundersen spalmante in altrettante giornate, dal 29 novembre all&#8217;1 dicembre. L&#8217;Italia parteciper\u00e0 alla prima tappa della competizione con cinque atleti convocati convocati dal direttore tecnico Federico Rigoni: <strong>Alessandro Pittin<\/strong>, Samuel Costa, Aaron Kostner,<strong> Raffaele Buzzi<\/strong> e Lukas Runggaldier.<\/p>\n<div id=\"attachment_62442\" style=\"width: 210px\" class=\"wp-caption alignright\"><a href=\"http:\/\/comitati.fisi.org\/friuli-venezia-giulia\/wp-content\/uploads\/sites\/34\/2019\/11\/COMBINATA-2020-Alessandro-Pittin2.jpg\"><img loading=\"lazy\" decoding=\"async\" aria-describedby=\"caption-attachment-62442\" class=\"wp-image-62442\" src=\"http:\/\/comitati.fisi.org\/friuli-venezia-giulia\/wp-content\/uploads\/sites\/34\/2019\/11\/COMBINATA-2020-Alessandro-Pittin2-400x600.jpg\" alt=\"\" width=\"200\" height=\"300\" \/><\/a><p id=\"caption-attachment-62442\" class=\"wp-caption-text\">Alessandro Pittin<\/p><\/div>\n<p>Il via ufficiale \u00e8 programmato per le ore 16 del gioved\u00ec quando gli specialisti della disciplina saranno chiamati a saltare dal trampolino HS142 con l&#8217;obiettivo di entrare gi\u00e0 tra i primi 50. Venerd\u00ec 29 inizier\u00e0 la gara vera e propria, con il salto previsto previsto alle ore 11 e i 5 km di fondo che partiranno alle ore 15. \u00c8 solo l&#8217;antipasto di quello che andr\u00e0 in scena nei due giorni successivi con una prova di fondo dalla distanza pi\u00f9 lunga pari a 10 km e fissata sempre nel medesimo orario, ossia alle 14. A cambiare \u00e8 solo il salto dal trampolino: sabato si partir\u00e0 alle ore 08,30, mentre domenica si inizier\u00e0 alle 09,10.<\/p>\n<p>Ecco il programma completo del minitour di Ruka:<br \/>\nGio. 28\/11\/19 &#8211; Cdm &#8211; Provisional Competition Round maschile Ruka (Fin) &#8211; Ore 16.00<br \/>\nVen. 29\/11\/19 &#8211; Cdm &#8211; Gundersen HS142\/5 km maschile Ruka (Fin) &#8211; Ore 11.00 e 15.00<br \/>\nSab. 30\/11\/19 &#8211; Cdm &#8211; Gundersen HS142\/10 km maschile Ruka (Fin) &#8211; Ore 08.30 e 14.00<br \/>\nDom. 01\/12\/19 &#8211; Cdm &#8211; Gundersen HS142\/10 km maschile Ruka (Fin) &#8211; Ore 09.10 e 14.00<\/p>\n<p><strong><em>(nella foto di copertina Raffaele Buzzi)<\/em><\/strong><\/p>\n","protected":false},"excerpt":{"rendered":"<p>Sar\u00e0 il minitour di Ruka ad aprire il circuito della combinata: a partire da gioved\u00ec 28 novembre gli atleti saranno impegnati per quattro giorni<\/p>\n","protected":false},"author":4,"featured_media":62841,"comment_status":"closed","ping_status":"closed","sticky":false,"template":"","format":"standard","meta":{"_acf_changed":false,"footnotes":""},"categories":[14,10],"tags":[98,75,876],"acf":[],"_links":{"self":[{"href":"https:\/\/comitati.fisi.org\/friuli-venezia-giulia\/wp-json\/wp\/v2\/posts\/62839"}],"collection":[{"href":"https:\/\/comitati.fisi.org\/friuli-venezia-giulia\/wp-json\/wp\/v2\/posts"}],"about":[{"href":"https:\/\/comitati.fisi.org\/friuli-venezia-giulia\/wp-json\/wp\/v2\/types\/post"}],"author":[{"embeddable":true,"href":"https:\/\/comitati.fisi.org\/friuli-venezia-giulia\/wp-json\/wp\/v2\/users\/4"}],"replies":[{"embeddable":true,"href":"https:\/\/comitati.fisi.org\/friuli-venezia-giulia\/wp-json\/wp\/v2\/comments?post=62839"}],"version-history":[{"count":0,"href":"https:\/\/comitati.fisi.org\/friuli-venezia-giulia\/wp-json\/wp\/v2\/posts\/62839\/revisions"}],"wp:featuredmedia":[{"embeddable":true,"href":"https:\/\/comitati.fisi.org\/friuli-venezia-giulia\/wp-json\/wp\/v2\/media\/62841"}],"wp:attachment":[{"href":"https:\/\/comitati.fisi.org\/friuli-venezia-giulia\/wp-json\/wp\/v2\/media?parent=62839"}],"wp:term":[{"taxonomy":"category","embeddable":true,"href":"https:\/\/comitati.fisi.org\/friuli-venezia-giulia\/wp-json\/wp\/v2\/categories?post=62839"},{"taxonomy":"post_tag","embeddable":true,"href":"https:\/\/comitati.fisi.org\/friuli-venezia-giulia\/wp-json\/wp\/v2\/tags?post=62839"}],"curies":[{"name":"wp","href":"https:\/\/api.w.org\/{rel}","templated":true}]}}