{"id":62835,"date":"2019-11-25T12:49:57","date_gmt":"2019-11-25T11:49:57","guid":{"rendered":"https:\/\/www.fisifvg.org\/?p=62835"},"modified":"2019-11-25T12:49:57","modified_gmt":"2019-11-25T11:49:57","slug":"al-via-la-stagione-agonistica-per-i-fondisti-fisi-fvg","status":"publish","type":"post","link":"https:\/\/comitati.fisi.org\/friuli-venezia-giulia\/blog\/2019\/11\/25\/al-via-la-stagione-agonistica-per-i-fondisti-fisi-fvg\/","title":{"rendered":"Al via la stagione agonistica per i fondisti FISI FVG"},"content":{"rendered":"<p>Tutto pronto per il via della stagione dello sci di fondo.<\/p>\n<p>Nel fine settimana a Santa Caterina Valfurva \u00e8 in programma una prova FIS valida anche per la Coppa Italia, che vedr\u00e0 al via anche gli esponenti della squadra FISI FVG.<\/p>\n<p>Il gruppo raggiunger\u00e0 la localit\u00e0 valtellinese mercoled\u00ec 27 per un raduno che si chiuder\u00e0 con la gara prevista domenica 1\u00b0 dicembre; in programma una 10 km maschile e una 5 km femminile, entrambe a tecnica libera.<\/p>\n<p>Saranno 11 gli esponenti in gara per la FISI FVG: Martina Di Centa (Carabinieri), Anna Dosso e Karin Puntel (Aldo Moro), Caterina Molinari (Lussari), Davide Graz e Andrea Gartner (Fiamme Gialle), Luca Sclisizzo (Esercito), Luca Kerer, Gabriele Monteleone e Andrea Colombo (Bachmann), Edoardo Buzzi (Camosci).<\/p>\n<p><em><strong>(nella foto Anna Dosso e Gabriele Monteleone)<\/strong><\/em><\/p>\n","protected":false},"excerpt":{"rendered":"<p>Nel fine settimana a Santa Caterina Valfurva \u00e8 in programma una prova FIS valida anche per la Coppa Italia<\/p>\n","protected":false},"author":4,"featured_media":62837,"comment_status":"closed","ping_status":"closed","sticky":false,"template":"","format":"standard","meta":{"_acf_changed":false,"footnotes":""},"categories":[10,11],"tags":[77,257],"acf":[],"_links":{"self":[{"href":"https:\/\/comitati.fisi.org\/friuli-venezia-giulia\/wp-json\/wp\/v2\/posts\/62835"}],"collection":[{"href":"https:\/\/comitati.fisi.org\/friuli-venezia-giulia\/wp-json\/wp\/v2\/posts"}],"about":[{"href":"https:\/\/comitati.fisi.org\/friuli-venezia-giulia\/wp-json\/wp\/v2\/types\/post"}],"author":[{"embeddable":true,"href":"https:\/\/comitati.fisi.org\/friuli-venezia-giulia\/wp-json\/wp\/v2\/users\/4"}],"replies":[{"embeddable":true,"href":"https:\/\/comitati.fisi.org\/friuli-venezia-giulia\/wp-json\/wp\/v2\/comments?post=62835"}],"version-history":[{"count":0,"href":"https:\/\/comitati.fisi.org\/friuli-venezia-giulia\/wp-json\/wp\/v2\/posts\/62835\/revisions"}],"wp:featuredmedia":[{"embeddable":true,"href":"https:\/\/comitati.fisi.org\/friuli-venezia-giulia\/wp-json\/wp\/v2\/media\/62837"}],"wp:attachment":[{"href":"https:\/\/comitati.fisi.org\/friuli-venezia-giulia\/wp-json\/wp\/v2\/media?parent=62835"}],"wp:term":[{"taxonomy":"category","embeddable":true,"href":"https:\/\/comitati.fisi.org\/friuli-venezia-giulia\/wp-json\/wp\/v2\/categories?post=62835"},{"taxonomy":"post_tag","embeddable":true,"href":"https:\/\/comitati.fisi.org\/friuli-venezia-giulia\/wp-json\/wp\/v2\/tags?post=62835"}],"curies":[{"name":"wp","href":"https:\/\/api.w.org\/{rel}","templated":true}]}}