{"id":62829,"date":"2019-11-25T12:06:25","date_gmt":"2019-11-25T11:06:25","guid":{"rendered":"https:\/\/www.fisifvg.org\/?p=62829"},"modified":"2019-11-25T12:06:25","modified_gmt":"2019-11-25T11:06:25","slug":"nuovo-raduno-in-val-aurina-per-le-squadre-di-comitato-di-biathlon","status":"publish","type":"post","link":"https:\/\/comitati.fisi.org\/friuli-venezia-giulia\/blog\/2019\/11\/25\/nuovo-raduno-in-val-aurina-per-le-squadre-di-comitato-di-biathlon\/","title":{"rendered":"Nuovo raduno in Val Aurina per le squadre di Comitato di biathlon"},"content":{"rendered":"<p>Lavorano sodo i biathleti delle squadre FISI FVG.<\/p>\n<p>Conclusa ieri la quattro giorni in Val Aurina, il gruppo si ritrover\u00e0 nella stessa localit\u00e0 gioved\u00ec 28 (fino a domenica primo dicembre) per l&#8217;ultima fase della preparazione in vista delle prime gare stagionali.<\/p>\n<p>L&#8217;appuntamento \u00e8 per il 7 e 8 dicembre con la Coppa Italia in Val Martello.<\/p>\n","protected":false},"excerpt":{"rendered":"<p>Primo appuntamento agonistico il 7 e 8 dicembre con la Coppa Italia in Val Martello<\/p>\n","protected":false},"author":4,"featured_media":62747,"comment_status":"closed","ping_status":"closed","sticky":false,"template":"","format":"standard","meta":{"_acf_changed":false,"footnotes":""},"categories":[13,10],"tags":[444,875],"acf":[],"_links":{"self":[{"href":"https:\/\/comitati.fisi.org\/friuli-venezia-giulia\/wp-json\/wp\/v2\/posts\/62829"}],"collection":[{"href":"https:\/\/comitati.fisi.org\/friuli-venezia-giulia\/wp-json\/wp\/v2\/posts"}],"about":[{"href":"https:\/\/comitati.fisi.org\/friuli-venezia-giulia\/wp-json\/wp\/v2\/types\/post"}],"author":[{"embeddable":true,"href":"https:\/\/comitati.fisi.org\/friuli-venezia-giulia\/wp-json\/wp\/v2\/users\/4"}],"replies":[{"embeddable":true,"href":"https:\/\/comitati.fisi.org\/friuli-venezia-giulia\/wp-json\/wp\/v2\/comments?post=62829"}],"version-history":[{"count":0,"href":"https:\/\/comitati.fisi.org\/friuli-venezia-giulia\/wp-json\/wp\/v2\/posts\/62829\/revisions"}],"wp:featuredmedia":[{"embeddable":true,"href":"https:\/\/comitati.fisi.org\/friuli-venezia-giulia\/wp-json\/wp\/v2\/media\/62747"}],"wp:attachment":[{"href":"https:\/\/comitati.fisi.org\/friuli-venezia-giulia\/wp-json\/wp\/v2\/media?parent=62829"}],"wp:term":[{"taxonomy":"category","embeddable":true,"href":"https:\/\/comitati.fisi.org\/friuli-venezia-giulia\/wp-json\/wp\/v2\/categories?post=62829"},{"taxonomy":"post_tag","embeddable":true,"href":"https:\/\/comitati.fisi.org\/friuli-venezia-giulia\/wp-json\/wp\/v2\/tags?post=62829"}],"curies":[{"name":"wp","href":"https:\/\/api.w.org\/{rel}","templated":true}]}}