{"id":62730,"date":"2019-11-22T10:40:57","date_gmt":"2019-11-22T09:40:57","guid":{"rendered":"https:\/\/www.fisifvg.org\/?p=62730"},"modified":"2019-11-22T10:40:57","modified_gmt":"2019-11-22T09:40:57","slug":"i-campionati-isontini-transfrontalieri-compiono-16-anni","status":"publish","type":"post","link":"https:\/\/comitati.fisi.org\/friuli-venezia-giulia\/blog\/2019\/11\/22\/i-campionati-isontini-transfrontalieri-compiono-16-anni\/","title":{"rendered":"I Campionati Isontini Transfrontalieri compiono 16 anni"},"content":{"rendered":"<p dir=\"ltr\">Lo <strong>Sci Club Due US ACLI di Monfalcone-Ronchi dei Legionari<\/strong> comunica che anche nel 2020 si svolger\u00e0 la 16a edizione dei <strong>Campionati Isontini Transfrontalieri,<\/strong> promossi dall&#8217;oramai storico Comitato Organizzatore, come comunicato dal presidente della Societ\u00e0<strong> Adriano Nordio Orsi<\/strong>.<\/p>\n<p dir=\"ltr\">&#8220;\u00c8 nostra intenzione continuare ad organizzare questo importante evento sportivo invernale con sempre maggior entusiasmo, coinvolgendo tutte le realt\u00e0 sportive territoriali, italiane e slovene, che condividono i valori sportivi di amicizia e rispetto con cui i Transfrontalieri sono nati &#8211; dice Orsi -. C&#8217;\u00e9 sempre stata una positiva ed entusiastica collaborazione tra Gorizia e Nova Gorica e ci\u00f2 \u00e8 dimostrato dall&#8217;elevato numero di partecipanti e volontari che hanno preso parte all&#8217;iniziativa in tutte le edizioni. A tal proposito, mantenendo tali principi, il nostro sodalizio organizza da pi\u00f9 di 30 anni importanti gare a livello internazionale e nazionale, nel campo della disabilit\u00e0. Da ultimo l\u2019assegnazione allo Sci Club Due, da parte di Special Olympics Italia, dei<strong> Giochi Nazionali Invernali, che si terranno a Sappada nel mese di febbraio 2020<\/strong> e che coinvolgeranno oltre 500 giovani atleti con disabilit\u00e0 intellettive e relazionali\u201d.<\/p>\n<p dir=\"ltr\">Livio Rozic e Bruno Gomiscech, storici organizzatori dell&#8217;evento, hanno ribadito che i Transfrontalieri Isontini cresceranno ancora con una nuova formula, potendo contare anche nel 2020 sul pieno appoggio del CONI Regionale, dell\u2019assessorato allo Sport del Comune di Gorizia e di altre istituzioni territoriali.<\/p>\n","protected":false},"excerpt":{"rendered":"<p>L&#8217;organizzazione sar\u00e0 affidata ancora una volt allo Sci Club Due US ACLI di Monfalcone-Ronchi dei Legionari<\/p>\n","protected":false},"author":4,"featured_media":62732,"comment_status":"closed","ping_status":"closed","sticky":false,"template":"","format":"standard","meta":{"_acf_changed":false,"footnotes":""},"categories":[15],"tags":[172,872,556],"acf":[],"_links":{"self":[{"href":"https:\/\/comitati.fisi.org\/friuli-venezia-giulia\/wp-json\/wp\/v2\/posts\/62730"}],"collection":[{"href":"https:\/\/comitati.fisi.org\/friuli-venezia-giulia\/wp-json\/wp\/v2\/posts"}],"about":[{"href":"https:\/\/comitati.fisi.org\/friuli-venezia-giulia\/wp-json\/wp\/v2\/types\/post"}],"author":[{"embeddable":true,"href":"https:\/\/comitati.fisi.org\/friuli-venezia-giulia\/wp-json\/wp\/v2\/users\/4"}],"replies":[{"embeddable":true,"href":"https:\/\/comitati.fisi.org\/friuli-venezia-giulia\/wp-json\/wp\/v2\/comments?post=62730"}],"version-history":[{"count":0,"href":"https:\/\/comitati.fisi.org\/friuli-venezia-giulia\/wp-json\/wp\/v2\/posts\/62730\/revisions"}],"wp:featuredmedia":[{"embeddable":true,"href":"https:\/\/comitati.fisi.org\/friuli-venezia-giulia\/wp-json\/wp\/v2\/media\/62732"}],"wp:attachment":[{"href":"https:\/\/comitati.fisi.org\/friuli-venezia-giulia\/wp-json\/wp\/v2\/media?parent=62730"}],"wp:term":[{"taxonomy":"category","embeddable":true,"href":"https:\/\/comitati.fisi.org\/friuli-venezia-giulia\/wp-json\/wp\/v2\/categories?post=62730"},{"taxonomy":"post_tag","embeddable":true,"href":"https:\/\/comitati.fisi.org\/friuli-venezia-giulia\/wp-json\/wp\/v2\/tags?post=62730"}],"curies":[{"name":"wp","href":"https:\/\/api.w.org\/{rel}","templated":true}]}}