{"id":62704,"date":"2019-11-21T11:17:58","date_gmt":"2019-11-21T10:17:58","guid":{"rendered":"https:\/\/www.fisifvg.org\/?p=62704"},"modified":"2019-11-21T11:17:58","modified_gmt":"2019-11-21T10:17:58","slug":"ad-arta-terme-si-parla-di-turismo-salutare-invernale","status":"publish","type":"post","link":"https:\/\/comitati.fisi.org\/friuli-venezia-giulia\/blog\/2019\/11\/21\/ad-arta-terme-si-parla-di-turismo-salutare-invernale\/","title":{"rendered":"Ad Arta Terme si parla di turismo salutare invernale"},"content":{"rendered":"<p><strong>Mercoled\u00ec 27 novembre<\/strong> dalle 14.30, nel salone dell&#8217;Albergo Savoia in Piazza Roma ad <strong>Arta Terme<\/strong>, avr\u00e0 luogo un convegno sul tema<strong> &#8220;Il turismo salutare invernale &#8211; Sport, benessere e ospitalit\u00e0 per il turismo montano&#8221;<\/strong>, con il <strong>presidente del Comitato<\/strong><strong> Maurizio Dunnhofer<\/strong> che, vista l&#8217;importanza degli argomenti trattati,<strong> invita gli sci club FISI FVG ad essere presenti.<\/strong><\/p>\n<p>L&#8217;incontro \u00e8 promosso da <strong>Innova FVG<\/strong> nell\u2019ambito del<strong> Progetto WinHealth &#8211; Interreg V-A &#8211; Italia-Austria 2014-2020.<\/strong><\/p>\n<p>Il Progetto Winhealth (Valorizzazione sostenibile dei potenziali turistici salutari nel turismo invernale) rappresenta una opportunit\u00e0 per valorizzare le regioni alpine dell\u2019area pilota.<br \/>\nLe attivit\u00e0 hanno coinvolto albergatori e operatori locali, professionisti di medicina dello sport specializzati in prestazioni cliniche e diagnostiche, nutrizionisti, accompagnatori e maestri di sci &#8211; oltre alle istituzioni &#8211; nella definizione di una nuova strategia turistica basata sulla salute e sul benessere.<\/p>\n<p>Partendo dalla mappatura delle risorse naturali locali e dall\u2019analisi delle evidenze clinico-scientifiche del rapporto tra sport invernale e salute, sono state individuate proposte turistiche rivolte a coloro che vogliono vivere la vacanza in modo libero, senza compromessi, con un occhio di riguardo al proprio benessere, ma senza rinunciare alle proprie passioni.<\/p>\n<p>L\u2019incontro \u00e8 finalizzato a illustrare i principali risultati del Progetto, alcuni degli elementi distintivi del territorio su cui si fondano le proposte turistiche elaborate, ma rappresenta anche un\u2019occasione per avviare un percorso virtuoso di valorizzazione turistica della montagna invernale basata su sport, benessere e ospitalit\u00e0.<\/p>\n<p><strong>PROGRAMMA<\/strong><\/p>\n<p><strong>14.30<\/strong> Registrazione partecipanti<br \/>\n<strong>15.00<\/strong> Saluti di benvenuto di Luigi Gonano &#8211; Sindaco del Comune di Arta Terme<br \/>\n<strong>15.10<\/strong> Progetto Winhealth: l\u2019esperienza nell\u2019area pilota della Carnia, con Ruggero Baggio &#8211; Amministratore Unico del Consorzio Innova FVG<br \/>\n<strong>15.30<\/strong> Potenzialit\u00e0 salutari nella stagione invernale: opportunit\u00e0 di valorizzazione turistica, con Christina Pichler &#8211; Paracelsus Medizinische Privatuniversit\u00e4t Salzburg<br \/>\n<strong>15.50<\/strong> Dalle cure al benessere: l\u2019evoluzione delle terme nel turismo sanitario, con Fabrizio Antonelli &#8211; Terme di Arta<br \/>\n<strong>16.10<\/strong> L\u2019ambulatorio di medicina di montagna: prevenzione e valutazioni funzionali per appassionati ed atleti, con Stefano Lazzer &#8211; Universit\u00e0 di Udine<br \/>\n<strong>16.30<\/strong> Coffee break<br \/>\n<strong>17.00<\/strong> Passeggiate nella natura: benessere fisico, psicologico e sociale, con Lucio Mos &#8211; AAS3 &#8220;Alto Friuli &#8211; Collinare &#8211; Medio Friuli&#8221;<br \/>\n<strong>17.20<\/strong> Ecosystem Health &amp; Wellness: l\u2019esperienza dell\u2019Alto Adige nel turismo salutare, con Sabine Schnarf &#8211; IDM S\u00fcdtirol \/ Alto Adige<br \/>\n<strong>17.40<\/strong> Il Turismo Slow per la salute ed il benessere, con Alessia Del Bianco &#8211; Promoturismo FVG<br \/>\n<strong>18.00<\/strong> Conclusione dei lavori a cura della Regione Autonoma Friuli Venezia Giulia<\/p>\n<p>Seguir\u00e0 aperitivo a buffet.<\/p>\n","protected":false},"excerpt":{"rendered":"<p>Mercoled\u00ec 27 novembre l&#8217;incontro promosso da Innova FVG nell\u2019ambito del Progetto WinHealth &#8211; Interreg V-A &#8211; Italia-Austria 2014-2020<\/p>\n","protected":false},"author":4,"featured_media":62706,"comment_status":"closed","ping_status":"closed","sticky":false,"template":"","format":"standard","meta":{"_acf_changed":false,"footnotes":""},"categories":[10,17],"tags":[868,632,869,816,870],"acf":[],"_links":{"self":[{"href":"https:\/\/comitati.fisi.org\/friuli-venezia-giulia\/wp-json\/wp\/v2\/posts\/62704"}],"collection":[{"href":"https:\/\/comitati.fisi.org\/friuli-venezia-giulia\/wp-json\/wp\/v2\/posts"}],"about":[{"href":"https:\/\/comitati.fisi.org\/friuli-venezia-giulia\/wp-json\/wp\/v2\/types\/post"}],"author":[{"embeddable":true,"href":"https:\/\/comitati.fisi.org\/friuli-venezia-giulia\/wp-json\/wp\/v2\/users\/4"}],"replies":[{"embeddable":true,"href":"https:\/\/comitati.fisi.org\/friuli-venezia-giulia\/wp-json\/wp\/v2\/comments?post=62704"}],"version-history":[{"count":0,"href":"https:\/\/comitati.fisi.org\/friuli-venezia-giulia\/wp-json\/wp\/v2\/posts\/62704\/revisions"}],"wp:featuredmedia":[{"embeddable":true,"href":"https:\/\/comitati.fisi.org\/friuli-venezia-giulia\/wp-json\/wp\/v2\/media\/62706"}],"wp:attachment":[{"href":"https:\/\/comitati.fisi.org\/friuli-venezia-giulia\/wp-json\/wp\/v2\/media?parent=62704"}],"wp:term":[{"taxonomy":"category","embeddable":true,"href":"https:\/\/comitati.fisi.org\/friuli-venezia-giulia\/wp-json\/wp\/v2\/categories?post=62704"},{"taxonomy":"post_tag","embeddable":true,"href":"https:\/\/comitati.fisi.org\/friuli-venezia-giulia\/wp-json\/wp\/v2\/tags?post=62704"}],"curies":[{"name":"wp","href":"https:\/\/api.w.org\/{rel}","templated":true}]}}