{"id":62583,"date":"2019-11-15T11:48:57","date_gmt":"2019-11-15T10:48:57","guid":{"rendered":"https:\/\/www.fisifvg.org\/?p=62583"},"modified":"2019-11-15T11:48:57","modified_gmt":"2019-11-15T10:48:57","slug":"skipass-offerta-speciale-da-promoturismofvg-nei-giorni-che-precedono-la-prevendita","status":"publish","type":"post","link":"https:\/\/comitati.fisi.org\/friuli-venezia-giulia\/blog\/2019\/11\/15\/skipass-offerta-speciale-da-promoturismofvg-nei-giorni-che-precedono-la-prevendita\/","title":{"rendered":"Skipass, offerta speciale da PromoTurismoFVG nei giorni che precedono la prevendita"},"content":{"rendered":"<p><em>Proponiamo la nota stampa di PromoTurismo FVG.<\/em><\/p>\n<p style=\"font-weight: 400\">Lo skipass giornaliero a un prezzo scontato per i regali di Natale:\u00a0<strong>28 euro al posto di 38,50 euro, valido in tutti i sei poli del Friuli Venezia Giulia e per tutta la stagione sciistica<\/strong>. \u00c8 questa la proposta con cui\u00a0<strong>PromoTurismoFVG si presenta a Idea Natale\u00a0<\/strong>(l\u2019ingresso \u00e8 gratuito), da oggi a domenica 17 novembre al padiglione 8, alla fiera di Udine: l\u2019offerta permette di risparmiare 10,50 euro sull\u2019acquisto di ogni titolo e sar\u00e0 valida solo nei giorni dell\u2019esposizione.<\/p>\n<p style=\"font-weight: 400\">Inoltre, gli appassionati di sci, ma non solo, potranno rimanere sempre aggiornati sulla situazione meteo delle piste direttamente dal proprio smartphone, tablet o pc non pi\u00f9 solo dal sito\u00a0<a href=\"http:\/\/promotur.org\/\" data-saferedirecturl=\"https:\/\/www.google.com\/url?q=http:\/\/promotur.org&amp;source=gmail&amp;ust=1573900865640000&amp;usg=AFQjCNEQvrkf1PnSNZISFiri4p1M97Daxg\">promotur.org<\/a>\u00a0ma anche da quello di Osmer-Arpa FVG: sulla pagina dell\u2019Osservatorio meteo regionale sono gi\u00e0 visibili le webcam Panomax di PromoTurismoFVG che offrono immagini e video in tempo reale dei diversi comprensori sciistici del Friuli Venezia Giulia.<\/p>\n<p style=\"font-weight: 400\"><strong>La montagna del Friuli Venezia Giulia resta la pi\u00f9 competitiva<\/strong><\/p>\n<p style=\"font-weight: 400\">La fiera sar\u00e0 anche occasione per illustrare le novit\u00e0 della stagione invernale che sta per prendere il via tra maggiori vantaggi a chi acquista lo skipass stagionale, abbonamento \u201cNo Ski\u201d per i \u201cpedoni\u201d della neve e prevendite dal 22 novembre al 1\u00b0 dicembre in diversi punti della regione. PromoTurismoFVG si prepara con queste e altre novit\u00e0 ad accogliere dunque l\u2019apertura delle piste, confermandosi la montagna pi\u00f9 competitiva dell\u2019intero arco alpino, con prezzi inferiori rispetto ad altre destinazioni. I sei poli sciistici della regione (Piancavallo, Sauris-Forni di Sopra, Sappada, Zoncolan, Tarvisio e Sella Nevea) puntano su competitivit\u00e0 dei prezzi, sicurezza, servizi e l\u2019organizzazione di alcuni grandi eventi che richiamino sempre pi\u00f9 turisti sul territorio e nuovi potenziali sciatori italiani e stranieri.<\/p>\n<p style=\"font-weight: 400\"><strong>Sulle piste a prezzi competitivi<\/strong><\/p>\n<p style=\"font-weight: 400\">Anche per quest\u2019anno PromoTurismoFVG sceglie di mantenere prezzi concorrenziali per chi scia:\u00a0<strong>la tariffa per lo skipass giornaliero si ferma a quota 38,50 euro<\/strong>, circa il 30 per cento in meno rispetto agli altri poli italiani e chi sceglie l\u2019abbonamento stagionale per la famiglia risparmier\u00e0 il 50 per cento se rapportato agli altri competitor. Un prezzo, quello dello skipass stagionale, che rimane invariato da otto anni, come anche lo sconto famiglia, che per la stagione corrente ha visto estendere<strong>\u00a0la categoria bambini fino ai 14 anni<\/strong>\u00a0(la precedente annata comprendeva i bambini fino a 10 anni),\u00a0<strong>mentre i pi\u00f9 piccoli, fino a 7 anni, rimangono gratis<\/strong>. Sempre sul fronte prezzi, altra possibilit\u00e0 di risparmio sono gli acquisti in prevendita: dal 22 novembre al 1\u00b0 dicembre sar\u00e0 infatti possibile acquistare gli abbonamenti a prezzi vantaggiosi, risparmiando, per alcune categorie di skipass, anche oltre 70 euro. La novit\u00e0 \u00e8 che sar\u00e0 possibile acquistare la propria CartaNeve nei poli sciistici, alle terme di Arta, al Palmanova Outlet Village, agli infopoint di Trieste e Pordenone, e sar\u00e0 poi attivata al Citt\u00e0 Fiera di Udine. Tra le altre\u00a0<strong>novit\u00e0\u00a0<\/strong>per gli abbonamenti<strong>\u00a0il pass \u201cNo Ski\u201d<\/strong>, pensato per\u00a0<strong>chi vuole viversi e godersi la magia della montagna a piedi<\/strong>, tra escursioni e passeggiate muovendosi con gli impianti.<\/p>\n<p style=\"font-weight: 400\"><strong><br \/>\nNuovi servizi e iniziative promozionali<\/strong><\/p>\n<p style=\"font-weight: 400\">Per l\u2019inverno 2019\/2020 PromoTurismoFVG pensa anche a incentivare i servizi, con\u00a0<strong>skibus di collegamento tra impianti e strutture ricettive a Sappada, Forni di Sopra, Arta Terme, Sutrio, Zoncolan, Tarvisio, Sella Nevea e Piancavallo<\/strong>, mentre si lavora anche al collegamento tra i poli sciistici in una giornata infrasettimanale (Sappada-Zoncolan; Forni di Sopra-Zoncolan). Ai trasporti si uniscono una serie di\u00a0<strong>nuove iniziative<\/strong>\u00a0per vivere la montagna in maniera unica: l\u2019<strong>Aperigatto o il Fly&amp;Ski<\/strong>,\u00a0<strong>il sorvolo delle Alpi Carniche con un ultraleggero abbinato a una giornata di sci sullo Zoncolan<\/strong>\u00a0o, ancora, l\u2019animazione\u00a0<strong>\u201cVivi l\u2019inverno\u201d<\/strong>\u00a0con una serie di iniziative pensate da PromoTurismoFVG come escursioni con racchette da neve, scialpinismo e passeggiate in carrozza, in aggiunta alle attivit\u00e0 rivolte a famiglie e bambini. Tra le altre attivit\u00e0 promozionali riservate agli sciatori rimangono valide\u00a0<strong>Ski&amp;Taste<\/strong>, con la possibilit\u00e0 di aderire a sconti e degustazioni attraverso il passaporto della Strada del Vino e dei Sapori del FVG, che rappresenta il passepartout per conoscere e apprezzare le tipicit\u00e0 dell\u2019enogastronomia regionale,\u00a0<strong>SkiPass&amp; Wellness<\/strong>, con sconti sui servizi alle terme del Friuli Venezia Giulia, e per gli abbonati stagionali anche il\u00a0<strong>carnet di risalite estive<\/strong>\u00a0con l\u2019inclusione del vicino comprensorio sloveno di Bovec\/Kanin.<\/p>\n<p style=\"font-weight: 400\">Il\u00a0<strong>14 dicembre<\/strong>\u00a0\u00e8 invece la giornata di\u00a0<strong>FVG Live Alta Quota<\/strong>,\u00a0<strong>l\u2019open day con una lezione gratuita, impianti e noleggio attrezzatura gratis per i pi\u00f9 piccoli fino ai 12 anni compresi in tutti i poli sciistici del FVG<\/strong>. A breve sar\u00e0 pubblicata anche la \u201cTop 20 Winter Trails in FVG\u201d, una selezione di percorsi racchiusi in una pubblicazione realizzata da PromoTurismoFVG in collaborazione con la casa editrice Tabacco.<\/p>\n<p style=\"font-weight: 400\"><strong>Eventi top<\/strong><\/p>\n<p style=\"font-weight: 400\">Sport e grandi eventi saranno anche protagonisti dell\u2019inverno sulle montagne del Friuli Venezia Giulia. Si parte a\u00a0<strong>gennaio, il 25 e 26 con la Coppa del mondo di snowboard a Piancavallo<\/strong>, organizzata in collaborazione con l\u2019asd Sporting Club Piancavallo nella splendida cornice delle Dolomiti Friulane e nell\u2019arena preferita dagli amanti della tavola.\u00a0<strong>L\u20191 e 2 febbraio a Forni di Sopra<\/strong>\u00a0sar\u00e0 protagonista\u00a0<strong>il Trofeo Biberon<\/strong>, organizzato dallo Sci Club 70 asdr con 400 atleti, mentre\u00a0<strong>dal 7 al 9 febbraio a Piancavallo<\/strong> si terr\u00e0 la\u00a0<strong>Coppa Continentale di fondo<\/strong>\u00a0in collaborazione con l\u2019asd Sci club Panorama e\u00a0<strong>il 13 e 14 sempre febbraio a Sella Nevea la Coppa Europa di sci alpino<\/strong>\u00a0(Us Camporosso). Gli eventi a marzo si spostano sulle Alpi Giulie, a Tarvisio,\u00a0<strong>dal 5 all\u20198 marzo con i Campionati italiani allievi e ragazzi sci di fondo<\/strong>, promosso dal liceo Bachman e che vedr\u00e0 sulle piste 220 atleti, mentre\u00a0<strong>dal 23 al 28 marzo i Campionati italiani children si terranno sullo Zoncolan<\/strong>\u00a0con 1200 atleti coinvolti nell\u2019evento organizzato dallo Sci Club Monte Dauda. Chiuder\u00e0 la stagione dei grandi eventi,\u00a0<strong>dal 3 al 7 aprile<\/strong>\u00a0<strong>a Tarvisio, il Gran Premio giovanissimi e campionato italiano maestri sci<\/strong>\u00a0con 1600 atleti della Scuola Italiana Sci Tarvisio, in vista degli\u00a0<strong>Eyof 2023<\/strong>.<\/p>\n<p style=\"font-weight: 400\"><strong>Investimenti e nuovi impianti<\/strong><\/p>\n<p style=\"font-weight: 400\">Tutti i sei poli del Friuli Venezia Giulia sono stati interessati da interventi di revisione, adeguamento e potenziamento di impianti e infrastrutture: in particolare i lavori hanno riguardato\u00a0<strong>interventi di revisione e adeguamento degli impianti di risalita<\/strong>, il\u00a0<strong>rimodellamento e la messa in sicurezza di alcune piste da sci<\/strong>,\u00a0<strong>il potenziamento dell\u2019innevamento<\/strong>,\u00a0<strong>l\u2019ampliamento dei bacini idrici\u00a0<\/strong>e<strong>\u00a0la ristrutturazione e integrazione di alcune aree parco giochi<\/strong>.<\/p>\n","protected":false},"excerpt":{"rendered":"<p>vantaggi per famiglie, abbonati e servizi per i \u201cNo Ski\u201d. Da oggi le webcam dei poli visibili anche dal sito di Osmer-Arpa FVG<\/p>\n","protected":false},"author":4,"featured_media":22194,"comment_status":"closed","ping_status":"closed","sticky":false,"template":"","format":"standard","meta":{"_acf_changed":false,"footnotes":""},"categories":[10,17],"tags":[58,856,857,309,843],"acf":[],"_links":{"self":[{"href":"https:\/\/comitati.fisi.org\/friuli-venezia-giulia\/wp-json\/wp\/v2\/posts\/62583"}],"collection":[{"href":"https:\/\/comitati.fisi.org\/friuli-venezia-giulia\/wp-json\/wp\/v2\/posts"}],"about":[{"href":"https:\/\/comitati.fisi.org\/friuli-venezia-giulia\/wp-json\/wp\/v2\/types\/post"}],"author":[{"embeddable":true,"href":"https:\/\/comitati.fisi.org\/friuli-venezia-giulia\/wp-json\/wp\/v2\/users\/4"}],"replies":[{"embeddable":true,"href":"https:\/\/comitati.fisi.org\/friuli-venezia-giulia\/wp-json\/wp\/v2\/comments?post=62583"}],"version-history":[{"count":0,"href":"https:\/\/comitati.fisi.org\/friuli-venezia-giulia\/wp-json\/wp\/v2\/posts\/62583\/revisions"}],"wp:featuredmedia":[{"embeddable":true,"href":"https:\/\/comitati.fisi.org\/friuli-venezia-giulia\/wp-json\/wp\/v2\/media\/22194"}],"wp:attachment":[{"href":"https:\/\/comitati.fisi.org\/friuli-venezia-giulia\/wp-json\/wp\/v2\/media?parent=62583"}],"wp:term":[{"taxonomy":"category","embeddable":true,"href":"https:\/\/comitati.fisi.org\/friuli-venezia-giulia\/wp-json\/wp\/v2\/categories?post=62583"},{"taxonomy":"post_tag","embeddable":true,"href":"https:\/\/comitati.fisi.org\/friuli-venezia-giulia\/wp-json\/wp\/v2\/tags?post=62583"}],"curies":[{"name":"wp","href":"https:\/\/api.w.org\/{rel}","templated":true}]}}