{"id":62492,"date":"2019-11-12T10:24:38","date_gmt":"2019-11-12T09:24:38","guid":{"rendered":"https:\/\/www.fisifvg.org\/?p=62492"},"modified":"2019-11-12T10:24:38","modified_gmt":"2019-11-12T09:24:38","slug":"a-gemona-un-corso-di-formazione-per-allenatori-e-tecnici-delle-societa-sportive","status":"publish","type":"post","link":"https:\/\/comitati.fisi.org\/friuli-venezia-giulia\/blog\/2019\/11\/12\/a-gemona-un-corso-di-formazione-per-allenatori-e-tecnici-delle-societa-sportive\/","title":{"rendered":"A Gemona un corso di formazione per allenatori e tecnici delle societ\u00e0 sportive"},"content":{"rendered":"<p><em><strong>Riceviamo e volentieri pubblichiamo.<\/strong><\/em><\/p>\n<p>&nbsp;<\/p>\n<p>Il <strong>22 novembre e il 16 dicembre<\/strong> si svolger\u00e0 alla<strong> Casa dello Studente di Gemona <em>(nella foto)<\/em><\/strong><em>,<\/em> nella sede del corso di Laurea in Scienze Motorie, un <strong>Corso di formazione per allenatori e tecnici delle societ\u00e0 sportive<\/strong> tenuto da <strong>Stefano Canali <\/strong>e\u00a0promosso dal <strong>Dipartimento di Prevenzione dell&#8217;Azienda per l&#8217;Assistenza Sanitaria 3 Alto Friuli, Collinare, Medio Friuli.<\/strong><\/p>\n<p><strong>OBIETTIVO<br \/>\n<\/strong>Fornire una serie di strumenti complementari, e comunque fondamentali, per ottenere una pi\u00f9 elevata adesione alla pratica sportiva nei ragazzi e sollecitare negli atleti l&#8217;acquisizione di una serie di disposizioni mentali (concentrazione, disciplina, motivazione, controllo emotivo) imprescindibili per la piena<br \/>\nmanifestazione delle loro singolari potenzialit\u00e0 psicofisiche, attraverso momenti teorici, attivit\u00e0 pratiche, simulazione dei training cognitivi ed emotivi.<\/p>\n<p><strong>DESTINATARI<br \/>\n<\/strong>La posizione centrale in questa formazione \u00e8 occupata dall&#8217;allenatore \/ tecnico sportivo che non si impegna esclusivamente della parte tecnico\/fisica del programma di allenamento, ma abbraccia l\u2019esperienza pi\u00f9 ampia del processo di crescita dello sportivo: la formazione di una personalit\u00e0 sana ed equilibrata passa necessariamente dallo sviluppo armonico del corpo e della mente e lo sport pu\u00f2 essere la chiave di volta per coniugarli.<\/p>\n<p><strong>STRUMENTI<br \/>\n<\/strong>Piuttosto spesso, sfortunatamente, la consapevolezza dei benefici dell&#8217;attivit\u00e0 fisica non \u00e8 sufficiente a motivare giovani e adulti a restare attivi. Di conseguenza, al fine di suscitare adesione e mantenimento disciplinato della pratica sportiva, all&#8217;istruttore sportivo e all&#8217;educatore possono essere utili conoscenze teoriche e pratiche sui modi con cui \u00e8 possibile indurre uno stabile cambiamento da uno stile di vita sedentario a uno attivo, ovvero mantenere la motivazione all&#8217;allenamento negli atleti a dispetto delle difficolt\u00e0 che possono incontrare nel tempo.<br \/>\nEsistono numerosi esercizi\/training emotivi e cognitivi per migliorare le motivazioni alla pratica sportiva, trasformare in abitudini profonde i comportamenti desiderati, potenziare la concentrazione, la regolazione emotiva (elemento critico nella pratica sportiva e nello sport agonistico) e l&#8217;autocontrollo, vale a dire la capacit\u00e0 di inibire la tendenza a scegliere le abitudini meno faticose, le gratificazioni immediate a scapito di risultati e vantaggi superiori ma acquisibili.<\/p>\n<p><strong>STEFANO CANALI<\/strong><br \/>\nRicercatore Universitario (idoneo professore associato dal 2012) presso l\u2019Area di Neuroscienze e il Laboratorio Interdisciplinare per le Scienze Naturali e Umanistiche della Scuola Internazionale Superiore di Studi avanzati &#8211; SISSA &#8211; di Trieste, dove dirige il settore Neuroetica. Ha insegnato e insegna anche all\u2019Universit\u00e0 di Roma \u201cLa Sapienza\u201d, all\u2019Universit\u00e0 di Roma Tre. Pi\u00f9 volte Visiting Researcher a University College of London.<br \/>\nAutore di oltre 100 pubblicazioni, riguardanti soprattutto il tema delle dipendenze e delle emozioni, svolge regolarmente attivit\u00e0 di docenza nei corsi di Educazione continua in medicina soprattutto quelli destinati ai servizi per le dipendenze e alla psichiatria.<br \/>\nResponsabile scientifico di diversi progetti di ricerca e di trasferimento delle Neuroscienze al settore educativo, della salute e della formazione degli adulti, tra cui \u2013 in corso \u2013 i progetti pluriennali di ricerca-azione \u201cEmozioni in Regola\u201d, \u201cSport, emozioni e cervello\u201d e i progetti europei \u201cRISE \u2013 Reinforce Inner Strength Effectively to combat bullying\u201d, PATH &#8211; Prevention of Addiction THrough emotional education.<\/p>\n<p><strong>CONTATTI PER INFORMAZIONI E ISCRIZIONI<\/strong><br \/>\nTel. 0432 989500, e-mail <a href=\"mailto:mariarita.forgiarini@aas3.sanita.fvg.it\">mariarita.forgiarini@aas3.sanita.fvg.it<\/a>, <a href=\"mailto:danila.dosa@aas3.sanita.fvg.it\">danila.dosa@aas3.sanita.fvg.it<\/a><\/p>\n<p>La partecipazione \u00e8 gratuita, saranno accolte le richieste fino ad esaurimento dei posti disponibili in aula, di conseguenza l&#8217;iscrizione via mail \u00e8 necessaria.<\/p>\n","protected":false},"excerpt":{"rendered":"<p>La partecipazione \u00e8 gratuita, saranno accolte le richieste fino ad esaurimento dei posti disponibili in aula<\/p>\n","protected":false},"author":4,"featured_media":62495,"comment_status":"closed","ping_status":"closed","sticky":false,"template":"","format":"standard","meta":{"_acf_changed":false,"footnotes":""},"categories":[10,17],"tags":[851,830,852],"acf":[],"_links":{"self":[{"href":"https:\/\/comitati.fisi.org\/friuli-venezia-giulia\/wp-json\/wp\/v2\/posts\/62492"}],"collection":[{"href":"https:\/\/comitati.fisi.org\/friuli-venezia-giulia\/wp-json\/wp\/v2\/posts"}],"about":[{"href":"https:\/\/comitati.fisi.org\/friuli-venezia-giulia\/wp-json\/wp\/v2\/types\/post"}],"author":[{"embeddable":true,"href":"https:\/\/comitati.fisi.org\/friuli-venezia-giulia\/wp-json\/wp\/v2\/users\/4"}],"replies":[{"embeddable":true,"href":"https:\/\/comitati.fisi.org\/friuli-venezia-giulia\/wp-json\/wp\/v2\/comments?post=62492"}],"version-history":[{"count":0,"href":"https:\/\/comitati.fisi.org\/friuli-venezia-giulia\/wp-json\/wp\/v2\/posts\/62492\/revisions"}],"wp:featuredmedia":[{"embeddable":true,"href":"https:\/\/comitati.fisi.org\/friuli-venezia-giulia\/wp-json\/wp\/v2\/media\/62495"}],"wp:attachment":[{"href":"https:\/\/comitati.fisi.org\/friuli-venezia-giulia\/wp-json\/wp\/v2\/media?parent=62492"}],"wp:term":[{"taxonomy":"category","embeddable":true,"href":"https:\/\/comitati.fisi.org\/friuli-venezia-giulia\/wp-json\/wp\/v2\/categories?post=62492"},{"taxonomy":"post_tag","embeddable":true,"href":"https:\/\/comitati.fisi.org\/friuli-venezia-giulia\/wp-json\/wp\/v2\/tags?post=62492"}],"curies":[{"name":"wp","href":"https:\/\/api.w.org\/{rel}","templated":true}]}}