{"id":62328,"date":"2019-11-07T14:59:09","date_gmt":"2019-11-07T13:59:09","guid":{"rendered":"https:\/\/www.fisifvg.org\/?p=62328"},"modified":"2019-11-07T14:59:09","modified_gmt":"2019-11-07T13:59:09","slug":"trasferta-a-lillehammer-per-i-quattro-azzurri-fvg-del-bob","status":"publish","type":"post","link":"https:\/\/comitati.fisi.org\/friuli-venezia-giulia\/blog\/2019\/11\/07\/trasferta-a-lillehammer-per-i-quattro-azzurri-fvg-del-bob\/","title":{"rendered":"Trasferta a Lillehammer per i quattro azzurri FVG del bob"},"content":{"rendered":"<p>L&#8217;esordio in Coppa Europa per la<strong> squadra nazionale di bob<\/strong> \u00e8 sempre pi\u00f9 vicino. Il team azzurro guidato dal direttore tecnico Omar Sacco, raggiunger\u00e0 Lillehammer (Nor), la localit\u00e0 che ospiter\u00e0 la prima tappa della della Coppa Europa, gi\u00e0 sabato 9 novembre, con 4 giorni di anticipo rispetto alla gara d&#8217;apertura nella quale scenderanno in pista gli uomini nel bob a due. A partire con destinazione Norvegia saranno undici atleti: i friulani <strong>Mattia Variola, Costantino Ughi, Giada Andreutti e Tania Vicenzino,<\/strong> Alex Verginer, Mattia Castellazzi,\u00a0 Lucrezia Tavella, Alessandro Fierro, Alexi Essoh Atchori, Anna Schenk e Patrick Baumgartner, quest&#8217;ultimo vincitore della Coppa Europa nel bob a 4 nell&#8217;ultima stagione. Li accompagneranno i tecnici Simone Bertazzo, Manuel Machata e Giovanni Mulassano.<\/p>\n<p>A Lillehammer il programma prevede nella giornata di sabato 23 novembre, una gara alle ore 10 di bob a due uomini, seguiti dalle donne impegnate nel medesimo format. Il giorno successivo spazio al bob a quattro, con protagonisti gli uomini ancora alle ore 10. Ma non \u00e8 tutto: nella mattinata di mercoled\u00ec 20 novembre, sempre nella pista norvegese, andr\u00e0 in scena il <strong>monobob<\/strong>, nel quale gareggeranno <strong>Giada Andreutti e Tania Vicenzino.<\/strong> Appuntamento per le ore 10.<\/p>\n","protected":false},"excerpt":{"rendered":"<p>L&#8217;esordio in Coppa Europa per la squadra nazionale \u00e8 sempre pi\u00f9 vicino<\/p>\n","protected":false},"author":4,"featured_media":62333,"comment_status":"closed","ping_status":"closed","sticky":false,"template":"","format":"standard","meta":{"_acf_changed":false,"footnotes":""},"categories":[16,10,17],"tags":[571,444],"acf":[],"_links":{"self":[{"href":"https:\/\/comitati.fisi.org\/friuli-venezia-giulia\/wp-json\/wp\/v2\/posts\/62328"}],"collection":[{"href":"https:\/\/comitati.fisi.org\/friuli-venezia-giulia\/wp-json\/wp\/v2\/posts"}],"about":[{"href":"https:\/\/comitati.fisi.org\/friuli-venezia-giulia\/wp-json\/wp\/v2\/types\/post"}],"author":[{"embeddable":true,"href":"https:\/\/comitati.fisi.org\/friuli-venezia-giulia\/wp-json\/wp\/v2\/users\/4"}],"replies":[{"embeddable":true,"href":"https:\/\/comitati.fisi.org\/friuli-venezia-giulia\/wp-json\/wp\/v2\/comments?post=62328"}],"version-history":[{"count":0,"href":"https:\/\/comitati.fisi.org\/friuli-venezia-giulia\/wp-json\/wp\/v2\/posts\/62328\/revisions"}],"wp:featuredmedia":[{"embeddable":true,"href":"https:\/\/comitati.fisi.org\/friuli-venezia-giulia\/wp-json\/wp\/v2\/media\/62333"}],"wp:attachment":[{"href":"https:\/\/comitati.fisi.org\/friuli-venezia-giulia\/wp-json\/wp\/v2\/media?parent=62328"}],"wp:term":[{"taxonomy":"category","embeddable":true,"href":"https:\/\/comitati.fisi.org\/friuli-venezia-giulia\/wp-json\/wp\/v2\/categories?post=62328"},{"taxonomy":"post_tag","embeddable":true,"href":"https:\/\/comitati.fisi.org\/friuli-venezia-giulia\/wp-json\/wp\/v2\/tags?post=62328"}],"curies":[{"name":"wp","href":"https:\/\/api.w.org\/{rel}","templated":true}]}}