{"id":61906,"date":"2019-11-02T09:36:46","date_gmt":"2019-11-02T08:36:46","guid":{"rendered":"https:\/\/www.fisifvg.org\/?p=61906"},"modified":"2019-11-02T09:36:46","modified_gmt":"2019-11-02T08:36:46","slug":"successo-per-il-raduno-dei-giovani-fondisti-fvg-a-fusine","status":"publish","type":"post","link":"https:\/\/comitati.fisi.org\/friuli-venezia-giulia\/blog\/2019\/11\/02\/successo-per-il-raduno-dei-giovani-fondisti-fvg-a-fusine\/","title":{"rendered":"Successo per il raduno dei giovani fondisti FVG a Fusine"},"content":{"rendered":"<p class=\"ox-5416c5ad63-MsoNormal\">Ottimo riscontro per il raduno organizzato a <strong>Fusine<\/strong> riservato alle categorie aspiranti, allievi e ragazzi dello<strong> sci di fondo del Comitato.<\/strong><br \/>\nOccasione importante per un buon lavoro tecnico, anche approfittando del tunnel di Planica, ma soprattutto per imparare a stare assieme, confrontandosi con atleti di societ\u00e0 diverse e condividendo anche momenti di relax.<\/p>\n<p class=\"ox-5416c5ad63-MsoNormal\">Il lavoro degli oltre 40 giovani e giovanissimi atleti delle societ\u00e0 <strong>Camosci, Monte Coglians, Timaucleulis, Fornese, Edelweiss, Panorama, Weissenfels e Sc 70<\/strong> \u00e8 stato reso possibile dalla d<strong>isponibilit\u00e0 dei volontari dello sci club Panorama,<\/strong> che ospita il raduno autunnale ormai da tre anni nella struttura di Fusine.<\/p>\n<p>&#8220;Allo sci club Panorama, a tutti i volontari e agli allenatori presenti, un ringraziamento particolare da parte della direzione agonistica del settore fondo Comitato FVG &#8211; dice la coordinatrice<strong> Lorella Baron<\/strong> -. La nostra volont\u00e0 \u00e8 che momenti come questi, che coinvolgono anche le categorie pi\u00f9 giovani, si possano ripetere sempre pi\u00f9 in futuro&#8221;.<\/p>\n","protected":false},"excerpt":{"rendered":"<p>Occasione importante per un buon lavoro tecnico, anche approfittando del tunnel di Planica, ma soprattutto per imparare a stare assieme<\/p>\n","protected":false},"author":4,"featured_media":61908,"comment_status":"closed","ping_status":"closed","sticky":false,"template":"","format":"standard","meta":{"_acf_changed":false,"footnotes":""},"categories":[10,11],"tags":[756,444],"acf":[],"_links":{"self":[{"href":"https:\/\/comitati.fisi.org\/friuli-venezia-giulia\/wp-json\/wp\/v2\/posts\/61906"}],"collection":[{"href":"https:\/\/comitati.fisi.org\/friuli-venezia-giulia\/wp-json\/wp\/v2\/posts"}],"about":[{"href":"https:\/\/comitati.fisi.org\/friuli-venezia-giulia\/wp-json\/wp\/v2\/types\/post"}],"author":[{"embeddable":true,"href":"https:\/\/comitati.fisi.org\/friuli-venezia-giulia\/wp-json\/wp\/v2\/users\/4"}],"replies":[{"embeddable":true,"href":"https:\/\/comitati.fisi.org\/friuli-venezia-giulia\/wp-json\/wp\/v2\/comments?post=61906"}],"version-history":[{"count":0,"href":"https:\/\/comitati.fisi.org\/friuli-venezia-giulia\/wp-json\/wp\/v2\/posts\/61906\/revisions"}],"wp:featuredmedia":[{"embeddable":true,"href":"https:\/\/comitati.fisi.org\/friuli-venezia-giulia\/wp-json\/wp\/v2\/media\/61908"}],"wp:attachment":[{"href":"https:\/\/comitati.fisi.org\/friuli-venezia-giulia\/wp-json\/wp\/v2\/media?parent=61906"}],"wp:term":[{"taxonomy":"category","embeddable":true,"href":"https:\/\/comitati.fisi.org\/friuli-venezia-giulia\/wp-json\/wp\/v2\/categories?post=61906"},{"taxonomy":"post_tag","embeddable":true,"href":"https:\/\/comitati.fisi.org\/friuli-venezia-giulia\/wp-json\/wp\/v2\/tags?post=61906"}],"curies":[{"name":"wp","href":"https:\/\/api.w.org\/{rel}","templated":true}]}}