{"id":61900,"date":"2019-10-31T15:38:59","date_gmt":"2019-10-31T14:38:59","guid":{"rendered":"https:\/\/www.fisifvg.org\/?p=61900"},"modified":"2019-10-31T15:38:59","modified_gmt":"2019-10-31T14:38:59","slug":"nove-campioni-italiani-fvg-premiati-alla-fiera-skipass-di-modena","status":"publish","type":"post","link":"https:\/\/comitati.fisi.org\/friuli-venezia-giulia\/blog\/2019\/10\/31\/nove-campioni-italiani-fvg-premiati-alla-fiera-skipass-di-modena\/","title":{"rendered":"Nove campioni italiani FVG premiati alla Fiera Skipass di Modena"},"content":{"rendered":"<p>Come da tradizione, gli atleti vincitori dei <strong>Campionati Italiani Giovanili<\/strong> di tutte le discipline verranno premiati in occasione della <strong>Fiera Skipass di Modena,<\/strong> ad eccezione dei Campionati Italiani Allievi e Ragazzi, gi\u00e0 premiati in Val Senales nell\u2019aprile scorso.<\/p>\n<p>La premiazione avr\u00e0 luogo\u00a0<b>sabato 2 novembre alle ore 15.00 presso l\u2019Arena centrale<\/b>.<\/p>\n<p>Gli atleti premiati potranno accedere gratuitamente, cos\u00ec come gli accompagnatori, seguendo queste modalit\u00e0:<\/p>\n<p>&#8211; dovr\u00e0 essere esibita la Tessera in corso di validit\u00e0 (stagione 2019\/2020) o, in alternativa, il modello 25 ( o copia dello stesso), a una qualunque cassa presso la quale sar\u00e0 consegnato un biglietto omaggio, valido per la singola giornata, con il quale potr\u00e0 accedere alla fiera. Coloro che visiteranno la fiera per pi\u00f9 giorni, dovranno ripetere tale operazione per ciascuna giornata;<\/p>\n<p><em>oppure<\/em><\/p>\n<p>&#8211;\u00a0 dovr\u00e0 essere esibita la Tessera in corso di validit\u00e0 (stagione 2019\/2020) o, in alternativa, il modello 25 (o copia dello stesso), presso la \u201ccasetta FISI-CAE\u201d situata di fianco alle biglietterie. La modalit\u00e0 sar\u00e0 poi la stessa del punto sopra esposto.<\/p>\n<p>Onde consentire di predisporre al meglio la premiazione, viene chiesto con cortese urgenza, a chi non avesse ancora risposto, di confermare l\u2019eventuale presenza degli atleti premiati inviando riscontro alle mail <a>marketing@fisi.org<\/a>\u00a0e\u00a0<a>stampa@fisi.org\u00a0<\/a><b>entro e non oltre venerd\u00ec 1\u00b0 novembre alle ore 13.00.<\/b><\/p>\n<p>Questi gli atleti FVG premiati.<\/p>\n<p><em><strong>BIATHLON<\/strong><\/em><br \/>\n<strong>Daniele Cappellari<\/strong> (Fiamme Oro, 2 titoli), <strong>Sara Scattolo<\/strong> (Monte Coglians), <strong>Lorenzo Solero<\/strong> (Camosci).<\/p>\n<p><em><strong>BOB<\/strong><\/em><br \/>\n<strong>Mattia Variola<\/strong> (Fiamme Azzurre).<\/p>\n<p><em><strong>FONDO<\/strong><\/em><br \/>\n<strong>Luca Del Fabbro<\/strong> (Fiamme Gialle, 3 titoli), <strong>Martina Di Centa<\/strong> (Carabinieri, 2 titoli), <strong>Andrea Gartner<\/strong> (Fiamme Gialle, 2 titoli), <strong>Davide Graz<\/strong> (Fiamme Gialle, 3 titoli), <strong>Luca Sclisizzo<\/strong> (Esercito, 2 titoli).<\/p>\n","protected":false},"excerpt":{"rendered":"<p>Tutte le informazioni utili per accedere all&#8217;interno della struttura<\/p>\n","protected":false},"author":4,"featured_media":61901,"comment_status":"closed","ping_status":"closed","sticky":false,"template":"","format":"standard","meta":{"_acf_changed":false,"footnotes":""},"categories":[17],"tags":[842,417,843],"acf":[],"_links":{"self":[{"href":"https:\/\/comitati.fisi.org\/friuli-venezia-giulia\/wp-json\/wp\/v2\/posts\/61900"}],"collection":[{"href":"https:\/\/comitati.fisi.org\/friuli-venezia-giulia\/wp-json\/wp\/v2\/posts"}],"about":[{"href":"https:\/\/comitati.fisi.org\/friuli-venezia-giulia\/wp-json\/wp\/v2\/types\/post"}],"author":[{"embeddable":true,"href":"https:\/\/comitati.fisi.org\/friuli-venezia-giulia\/wp-json\/wp\/v2\/users\/4"}],"replies":[{"embeddable":true,"href":"https:\/\/comitati.fisi.org\/friuli-venezia-giulia\/wp-json\/wp\/v2\/comments?post=61900"}],"version-history":[{"count":0,"href":"https:\/\/comitati.fisi.org\/friuli-venezia-giulia\/wp-json\/wp\/v2\/posts\/61900\/revisions"}],"wp:featuredmedia":[{"embeddable":true,"href":"https:\/\/comitati.fisi.org\/friuli-venezia-giulia\/wp-json\/wp\/v2\/media\/61901"}],"wp:attachment":[{"href":"https:\/\/comitati.fisi.org\/friuli-venezia-giulia\/wp-json\/wp\/v2\/media?parent=61900"}],"wp:term":[{"taxonomy":"category","embeddable":true,"href":"https:\/\/comitati.fisi.org\/friuli-venezia-giulia\/wp-json\/wp\/v2\/categories?post=61900"},{"taxonomy":"post_tag","embeddable":true,"href":"https:\/\/comitati.fisi.org\/friuli-venezia-giulia\/wp-json\/wp\/v2\/tags?post=61900"}],"curies":[{"name":"wp","href":"https:\/\/api.w.org\/{rel}","templated":true}]}}