{"id":61879,"date":"2019-10-31T10:46:22","date_gmt":"2019-10-31T09:46:22","guid":{"rendered":"https:\/\/www.fisifvg.org\/?p=61879"},"modified":"2019-10-31T10:46:22","modified_gmt":"2019-10-31T09:46:22","slug":"a-tarvisio-la-quinta-edizione-delleuropean-kids-ski-festival","status":"publish","type":"post","link":"https:\/\/comitati.fisi.org\/friuli-venezia-giulia\/blog\/2019\/10\/31\/a-tarvisio-la-quinta-edizione-delleuropean-kids-ski-festival\/","title":{"rendered":"A Tarvisio la quinta edizione dell&#8217;European Kids Ski Festival"},"content":{"rendered":"<p>Si terr\u00e0 <strong>luned\u00ec 6 gennaio 2020 a Tarvisio<\/strong> la quinta edizione dell&#8217;<strong>European Kids Ski Festival<\/strong>, lo slalom gigante promozionale di sci alpino r<span class=\"text_exposed_show\">iservato alle categorie Superbaby, Baby e Cuccioli, che si svolge ogni anno alternativamente nella localit\u00e0 della Val Canale, Kranjska Gora e Arnoldstein.<\/span><\/p>\n<p>Ad organizzare l&#8217;evento sar\u00e0 lo <strong>Sci Cai Monte Lussari<\/strong> e la manifestazione sar\u00e0 in memoria del gi\u00e0 presidente del sodalizio<strong> Fortunato Toscan,<\/strong> a lungo anche consigliere della FISI FVG.<\/p>\n<p><em>&#8220;L&#8217;Amministrazione comunale &#8211; <\/em>scrive sulla sua pagina Facebook il sindaco di Tarvisio <strong>Renzo Zanette<\/strong>, che con l&#8217;assessore allo sport <strong>Mauro Zamolo<\/strong> ha partecipato ad un incontro con la dirigenza del Lussari <em><strong>(nella foto)<\/strong> &#8211;\u00a0 dar\u00e0 il massimo supporto all&#8217;organizzazione della gara, sia per l&#8217;importante attivit\u00e0 promozionale, sia per consolidare l&#8217;amicizia tra le comunit\u00e0 di Tarvisio, Arnoldstein e Kranjska Gora, sempre impegnate nella collaborazione transfrontaliera in tantissime occasioni&#8221;.<\/em><\/p>\n","protected":false},"excerpt":{"rendered":"<p>Superbaby, baby e cuccioli saranno in gara luned\u00ec 6 gennaio 2020<\/p>\n","protected":false},"author":4,"featured_media":61880,"comment_status":"closed","ping_status":"closed","sticky":false,"template":"","format":"standard","meta":{"_acf_changed":false,"footnotes":""},"categories":[15],"tags":[52,53,54,55,40],"acf":[],"_links":{"self":[{"href":"https:\/\/comitati.fisi.org\/friuli-venezia-giulia\/wp-json\/wp\/v2\/posts\/61879"}],"collection":[{"href":"https:\/\/comitati.fisi.org\/friuli-venezia-giulia\/wp-json\/wp\/v2\/posts"}],"about":[{"href":"https:\/\/comitati.fisi.org\/friuli-venezia-giulia\/wp-json\/wp\/v2\/types\/post"}],"author":[{"embeddable":true,"href":"https:\/\/comitati.fisi.org\/friuli-venezia-giulia\/wp-json\/wp\/v2\/users\/4"}],"replies":[{"embeddable":true,"href":"https:\/\/comitati.fisi.org\/friuli-venezia-giulia\/wp-json\/wp\/v2\/comments?post=61879"}],"version-history":[{"count":0,"href":"https:\/\/comitati.fisi.org\/friuli-venezia-giulia\/wp-json\/wp\/v2\/posts\/61879\/revisions"}],"wp:featuredmedia":[{"embeddable":true,"href":"https:\/\/comitati.fisi.org\/friuli-venezia-giulia\/wp-json\/wp\/v2\/media\/61880"}],"wp:attachment":[{"href":"https:\/\/comitati.fisi.org\/friuli-venezia-giulia\/wp-json\/wp\/v2\/media?parent=61879"}],"wp:term":[{"taxonomy":"category","embeddable":true,"href":"https:\/\/comitati.fisi.org\/friuli-venezia-giulia\/wp-json\/wp\/v2\/categories?post=61879"},{"taxonomy":"post_tag","embeddable":true,"href":"https:\/\/comitati.fisi.org\/friuli-venezia-giulia\/wp-json\/wp\/v2\/tags?post=61879"}],"curies":[{"name":"wp","href":"https:\/\/api.w.org\/{rel}","templated":true}]}}