{"id":61849,"date":"2019-10-30T10:17:28","date_gmt":"2019-10-30T09:17:28","guid":{"rendered":"https:\/\/www.fisifvg.org\/?p=61849"},"modified":"2019-10-30T10:17:28","modified_gmt":"2019-10-30T09:17:28","slug":"mercoledi-6-la-riunione-dinizio-stagione-delle-societa-praticanti-il-biathlon","status":"publish","type":"post","link":"https:\/\/comitati.fisi.org\/friuli-venezia-giulia\/blog\/2019\/10\/30\/mercoledi-6-la-riunione-dinizio-stagione-delle-societa-praticanti-il-biathlon\/","title":{"rendered":"Mercoled\u00ec 6 la riunione d&#8217;inizio stagione delle societ\u00e0 praticanti il biathlon"},"content":{"rendered":"<p>Mercoled\u00ec 6 novembre alle ore 18, presso l&#8217;Albergo al Sole di Forni Avoltri, si terr\u00e0 la consueta riunione d&#8217;inizio stagione con le societ\u00e0 praticanti la disciplina promossa dalla Commissione Biathlon del Comitato FISI FVG.<\/p>\n","protected":false},"excerpt":{"rendered":"<p>Appuntamento alle ore 18 presso l&#8217;albergo al Sole di Forni Avoltri<\/p>\n","protected":false},"author":4,"featured_media":42976,"comment_status":"closed","ping_status":"closed","sticky":false,"template":"","format":"standard","meta":{"_acf_changed":false,"footnotes":""},"categories":[13,10],"tags":[44,650],"acf":[],"_links":{"self":[{"href":"https:\/\/comitati.fisi.org\/friuli-venezia-giulia\/wp-json\/wp\/v2\/posts\/61849"}],"collection":[{"href":"https:\/\/comitati.fisi.org\/friuli-venezia-giulia\/wp-json\/wp\/v2\/posts"}],"about":[{"href":"https:\/\/comitati.fisi.org\/friuli-venezia-giulia\/wp-json\/wp\/v2\/types\/post"}],"author":[{"embeddable":true,"href":"https:\/\/comitati.fisi.org\/friuli-venezia-giulia\/wp-json\/wp\/v2\/users\/4"}],"replies":[{"embeddable":true,"href":"https:\/\/comitati.fisi.org\/friuli-venezia-giulia\/wp-json\/wp\/v2\/comments?post=61849"}],"version-history":[{"count":0,"href":"https:\/\/comitati.fisi.org\/friuli-venezia-giulia\/wp-json\/wp\/v2\/posts\/61849\/revisions"}],"wp:featuredmedia":[{"embeddable":true,"href":"https:\/\/comitati.fisi.org\/friuli-venezia-giulia\/wp-json\/wp\/v2\/media\/42976"}],"wp:attachment":[{"href":"https:\/\/comitati.fisi.org\/friuli-venezia-giulia\/wp-json\/wp\/v2\/media?parent=61849"}],"wp:term":[{"taxonomy":"category","embeddable":true,"href":"https:\/\/comitati.fisi.org\/friuli-venezia-giulia\/wp-json\/wp\/v2\/categories?post=61849"},{"taxonomy":"post_tag","embeddable":true,"href":"https:\/\/comitati.fisi.org\/friuli-venezia-giulia\/wp-json\/wp\/v2\/tags?post=61849"}],"curies":[{"name":"wp","href":"https:\/\/api.w.org\/{rel}","templated":true}]}}