{"id":61806,"date":"2019-10-24T17:03:24","date_gmt":"2019-10-24T15:03:24","guid":{"rendered":"https:\/\/www.fisifvg.org\/?p=61806"},"modified":"2019-10-24T17:03:24","modified_gmt":"2019-10-24T15:03:24","slug":"la-regione-fvg-investe-sulla-montagna-per-creare-indotto-tutto-lanno","status":"publish","type":"post","link":"https:\/\/comitati.fisi.org\/friuli-venezia-giulia\/blog\/2019\/10\/24\/la-regione-fvg-investe-sulla-montagna-per-creare-indotto-tutto-lanno\/","title":{"rendered":"La Regione FVG investe sulla montagna per creare indotto tutto l&#8217;anno"},"content":{"rendered":"<p><em><strong>Proponiamo il comunicato dell&#8221;Ufficio Stampa della Regione FVG.<\/strong><\/em><\/p>\n<p>Potenziare gli investimenti sulla qualit\u00e0 dei posti letto e dell&#8217;accoglienza, completare il piano di investimenti in corso su impianti, piste e strutture pari a 10,7 milioni di euro e attivare, a partire dal 2020, il nuovo piano di circa 21 mln di euro. Inoltre, mirare gli investimenti tecnici in modo che siano fungibili sia per l&#8217;inverno sia per l&#8217;estate in maniera tale da vivere una montagna a 360 gradi, non solo nei 6 poli invernali (Piancavallo, Sauris\/Zoncolan, Tarvisiano, Sella Nevea, Forni di Sopra e Sappada) ma anche nei 10 ambiti estivi a cui si aggiungono Carnia, Gemonese, Valli del Natisone e Carso.<\/p>\n<p>\u00c8 la sintesi delle linee guida del piano strategico Montagna365 2019-24 presentate oggi, alla Dacia Arena di Udine, dall&#8217;assessore al Turismo del Friuli Venezia Giulia, Sergio Emidio Bini, e dal direttore generale di Promoturismo Fvg, Lucio Gomiero, presente anche il consigliere FISI Enzo Sima.<\/p>\n<p>&#8220;Questo piano &#8211; ha detto Bini &#8211; \u00e8 frutto di un lavoro di squadra e punta a offrire servizi sempre pi\u00f9 qualificati ai fruitori della montagna che ha necessit\u00e0 di qualit\u00e0 e di investimenti. Negli ultimi vent&#8217;anni ne sono stati indirizzati 266 milioni di euro ma oggi \u00e8 importante continuare a sostenere lo sviluppo di questo territorio che rappresenta una ricchezza per l&#8217;intera regione. Chiediamo, quindi, a PromoTurismo Fvg di velocizzare gli investimenti cos\u00ec da far ripartire l&#8217;economia e valorizzare la nostra montagna che pu\u00f2 diventare importante anche dal punto di vista occupazionale. Per farlo, servono risorse su obiettivi specifici, condivisione, superamento dei campanilismi e coinvolgimento dei privati&#8221;.<\/p>\n<p><a href=\"http:\/\/comitati.fisi.org\/friuli-venezia-giulia\/wp-content\/uploads\/sites\/34\/2019\/10\/Mail17Tx003001.jpg\"><img loading=\"lazy\" decoding=\"async\" class=\"alignleft wp-image-61807 size-medium\" src=\"http:\/\/comitati.fisi.org\/friuli-venezia-giulia\/wp-content\/uploads\/sites\/34\/2019\/10\/Mail17Tx003001-600x333.jpg\" alt=\"\" width=\"600\" height=\"333\" \/><\/a>Nel documento viene assicurato l&#8217;impegno di Promoturismo Fvg su progetti specifici pubblico-privati con finanziamenti dell&#8217;Unione europea per accelerare gli investimenti ed \u00e8 prevista l&#8217;acquisizione, e conseguente gestione, degli impianti di Sappada, oltre alla definizione di un nuovo sistema di emissione e controllo dei biglietti di ingresso agli impianti di risalta dei poli (a partire dall&#8217;estate 2020) e successiva implementazione con un sistema regionale di card unica.<\/p>\n<p>&#8220;Una novit\u00e0 epocale per il Friuli Venezia Giulia. Dalla montagna &#8211; ha spiegato Gomiero &#8211; partir\u00e0 un progetto pilota per il quale siamo in chiusura di gara. Si tratta di un sistema che prevede non solo la lettura dello ski pass ma comprender\u00e0 un&#8217;intera esperienza sciistica che spazier\u00e0 dalle prenotazioni alberghiere al parcheggio e alla ristorazione. In questo senso, aiuteremo il turista a fruire di un all inclusive che sar\u00e0 poi esportabile anche al mondo della spiaggia o dei musei per diventare un&#8217;unica card regionale&#8221;.<\/p>\n<p>Le linee guida, come hanno spiegato Bini e Gomiero, sono un percorso che tiene conto anche dei cambiamenti climatici in atto, con la conseguente necessit\u00e0 di mirare gli investimenti tecnici in modo che siano fungibili sia per l&#8217;inverno sia per l&#8217;estate, cos\u00ec come quelli di marketing affinch\u00e9 la scelta della localit\u00e0 da parte del turista sia sempre pi\u00f9 legata a un sistema di accoglienza con pi\u00f9 esperienze.<\/p>\n<div id=\"attachment_61798\" style=\"width: 610px\" class=\"wp-caption alignright\"><a href=\"http:\/\/comitati.fisi.org\/friuli-venezia-giulia\/wp-content\/uploads\/sites\/34\/2019\/10\/Presentazione-stagione-2020.jpg\"><img loading=\"lazy\" decoding=\"async\" aria-describedby=\"caption-attachment-61798\" class=\"wp-image-61798 size-medium\" src=\"http:\/\/comitati.fisi.org\/friuli-venezia-giulia\/wp-content\/uploads\/sites\/34\/2019\/10\/Presentazione-stagione-2020-600x308.jpg\" alt=\"\" width=\"600\" height=\"308\" \/><\/a><p id=\"caption-attachment-61798\" class=\"wp-caption-text\">Le squadre FISI FVG<\/p><\/div>\n<p>Fra gli obiettivi da raggiungere nei prossimi 3-5 anni, \u00e8 stato evidenziato, vi \u00e8 il potenziamento degli investimenti su telecomunicazioni e connettivit\u00e0 e sulla qualit\u00e0 di posti letto e dell&#8217;accoglienza per dotare il territorio di una migliore ricettivit\u00e0 alberghiera e di ristoranti stellati. A ci\u00f2 si aggiunge l&#8217;intenzione di raggiungere, entro i prossimi 5 anni, un incremento del 50% dei turisti sulla montagna estiva (da 655mila a 900mila) mentre sulla parte invernale, per i prossimi due anni, l&#8217;obiettivo resta quello di conservare i numeri attuali (650mila primi ingressi) per poi crescere del 10-15% una volta ampliato il demanio sciabile.<\/p>\n<p>Un&#8217;altra caratteristica inserita nelle linee guida \u00e8 quella di dare piena attuazione alla vocazione dei singoli poli, di sviluppare l&#8217;offerta per la montagna estiva e di intensificare l&#8217;integrazione con artigianato e enogastronomia.<\/p>\n<p>&#8220;S\u00ec &#8211; ha sottolineato Bini &#8211; alle specializzazioni dei poli dove vengono valorizzati i singoli punti di forza. Non servono altri impianti quanto, invece, l&#8217;ampliamento delle piste e servizi di qualit\u00e0 con una crescita dell&#8217;offerta collaterale, quale ad esempio l&#8217;enogastronomia&#8221;.<\/p>\n<p>&#8220;La Regione Fvg &#8211; ha aggiunto l&#8217;assessore &#8211; ha iniziato gi\u00e0 con la legge di Stabilit\u00e0 dello scorso anno a sostenere la montagna e proseguir\u00e0 a farlo anche con il prossimo ddl Sviluppo Impresa in cui sar\u00e0 rivisto lo strumento dell&#8217;albergo diffuso&#8221;.<\/p>\n<div class=\"x-video player\" data-x-element-mejs><div class=\"x-video-inner\"><video class=\"x-mejs x-wp-video-shortcode advanced-controls\" id=\"video-61806-1\" width=\"720\" height=\"406\" preload=\"metadata\" controls=\"controls\"><source type=\"video\/mp4\" src=\"http:\/\/comitati.fisi.org\/friuli-venezia-giulia\/wp-content\/uploads\/sites\/34\/2019\/10\/10-24-BINI-STAGIONE-INVERNALE-logo.flv.mp4?_=1\" \/><\/video><\/div><\/div>\n<p>Nel corso dell&#8217;odierna conferenza stampa sono state fornite anche alcune anticipazioni della stagione invernale 2019-20 con i nuovi impianti e infrastrutture che hanno previsto investimenti pari a 10.642.000 euro. Su tutti i poli sono stati effettuati interventi di revisione e adeguamento sugli impianti e sulle piste.<\/p>\n<p>Per quanto concerne le tariffe, &#8220;il prezzo dello skipass stagionale di base rimarr\u00e0 invariato &#8211; ha informato Gomiero &#8211; ed \u00e8 stabile da 8 anni cos\u00ec come resta invariato lo sconto famiglia al 35%. Aggiorneremo, invece, lo skipass giornaliero con l&#8217;aggiunta di 1,5 euro e verr\u00e0 ampliata la categoria bambini da 10 a 14 anni&#8221;.<\/p>\n<p>Il prezzo effettivo dello skipass stagionale per le famiglie \u00e8 di oltre il 50% inferiore rispetto alla maggior parte dei competitor, il prezzo medio skipass stagionale 2018\/2019 \u00e8 stato di 98 euro e &#8220;siamo gli unici a garantire lo skipass gratuito a 7 anni, indipendentemente dall&#8217;acquisto di uno skipass adulti&#8221; ha detto Gomiero.<\/p>\n<p>Con le ipotesi in corso, secondo il direttore generale di Promoturismo Fvg, il prezzo dello skipass bambino (14 anni) \u00e8 del 75% inferiore rispetto al competitor pi\u00f9 costoso. Fra le iniziative per la stagione invernale 2019-20 vi sono anche gli abbonamenti No Ski per non sciatori e l&#8217;adesione a circuiti internazionali e vendite on line Snow Pass, Julian Alps, Snowit, Ski4You, Sciare a Nordest, ma anche l&#8217;attivit\u00e0 di comarketing con Trieste Trasporti.<\/p>\n<div class=\"x-resp-embed x-is-video x-is-youtube\"><iframe loading=\"lazy\" title=\"Presentazione stagione: immagini\" width=\"500\" height=\"281\" src=\"https:\/\/www.youtube.com\/embed\/EuTjR9rpEI0?feature=oembed\" frameborder=\"0\" allow=\"accelerometer; autoplay; clipboard-write; encrypted-media; gyroscope; picture-in-picture; web-share\" referrerpolicy=\"strict-origin-when-cross-origin\" allowfullscreen><\/iframe><\/div>\n<p>La prevendita ski pass inizier\u00e0 il 22 novembre nei poli sciistici, alle Terme di Arta, all&#8217;Outlet Village di Palmanova e di Noventa di Piave e agli infopoint di Trieste e Pordenone.<\/p>\n<p>Fra le novit\u00e0 promozionali, maggiori vantaggi a chi acquista lo skipass stagionale, carnet di risalite estive con inclusione Bovec\/Kanin, Ski&amp;Taste (degustazioni e sconti) con passaporto SVS, SkiPass&amp;Wellness (sconti sui servizi offerti alle Terme Fvg), Ski pass giornalieri e plurigiornalieri. Il prossimo 14 dicembre, inoltre, in collaborazione con Amsi Fvg e sistema fornitori e operatori, sui poli sciistici della regione \u00e8 in programma Fvg Live Alta Quota Open Day.<\/p>\n<p>Nel frattempo, \u00e8 stata illustrata una sintesi sulla situazione attuale della montagna che mantiene una capacit\u00e0 attrattiva anche fuori regione. Complessivamente, quindi, si sta attreversando una fase di leggera crescita, nonostante una saturazione dei posti letto bassa (30% occupati) e una mancanza di quelli qualificati.<\/p>\n<p>Alcuni dati evidenziano, da maggio 2018 ad aprile 2019, un numero di presenze totali pari a 1.040.935 (presenze estive maggio-ottobre 2018 645.239, invernali novembre 2018-aprile 2019 395.697) con una punta di presenze nei mesi estivi dell&#8217;anno scorso (192.324 e 221.168).<\/p>\n<p>L&#8217;inverno 2019-20 sar\u00e0 caratterizzato anche da eventi di grande rilievo, fra i quali spicca la Coppa del Mondo di snowboard a Piancavallo il 25-26 gennaio 2020.<\/p>\n<p><a href=\"http:\/\/comitati.fisi.org\/friuli-venezia-giulia\/wp-content\/uploads\/sites\/34\/2019\/10\/Anticipazioni-Inverno-24-ottobre-22.pptx\">Anticipazioni Inverno<\/a><br \/>\n<a href=\"http:\/\/comitati.fisi.org\/friuli-venezia-giulia\/wp-content\/uploads\/sites\/34\/2019\/10\/conferenza-dati-24-ottobre-PRESS.pptx\">Presentazione linee guida<\/a><\/p>\n<p><a href=\"https:\/\/www.fisifvg.org\/2019\/10\/24\/presentate-alla-dacia-arena-di-udine-le-squadre-fisi-fvg-2019-2020\/\">Nell&#8217;occasione sono state presentate anche le squadre 2019-2020 del Comitato FISI FVG<\/a>.<\/p>\n<div class=\"x-resp-embed x-is-video x-is-youtube\"><iframe loading=\"lazy\" title=\"Presentazione stagione: Maurizio Dunnhofer\" width=\"500\" height=\"281\" src=\"https:\/\/www.youtube.com\/embed\/yfGMcfSZfcs?feature=oembed\" frameborder=\"0\" allow=\"accelerometer; autoplay; clipboard-write; encrypted-media; gyroscope; picture-in-picture; web-share\" referrerpolicy=\"strict-origin-when-cross-origin\" allowfullscreen><\/iframe><\/div>\n","protected":false},"excerpt":{"rendered":"<p>Oggi alla Dacia Arena di Udine la presentazione della stagione invernale 2019-2020<\/p>\n","protected":false},"author":4,"featured_media":61808,"comment_status":"closed","ping_status":"closed","sticky":false,"template":"","format":"standard","meta":{"_acf_changed":false,"footnotes":""},"categories":[10,17],"tags":[838,522,257,639],"acf":[],"_links":{"self":[{"href":"https:\/\/comitati.fisi.org\/friuli-venezia-giulia\/wp-json\/wp\/v2\/posts\/61806"}],"collection":[{"href":"https:\/\/comitati.fisi.org\/friuli-venezia-giulia\/wp-json\/wp\/v2\/posts"}],"about":[{"href":"https:\/\/comitati.fisi.org\/friuli-venezia-giulia\/wp-json\/wp\/v2\/types\/post"}],"author":[{"embeddable":true,"href":"https:\/\/comitati.fisi.org\/friuli-venezia-giulia\/wp-json\/wp\/v2\/users\/4"}],"replies":[{"embeddable":true,"href":"https:\/\/comitati.fisi.org\/friuli-venezia-giulia\/wp-json\/wp\/v2\/comments?post=61806"}],"version-history":[{"count":0,"href":"https:\/\/comitati.fisi.org\/friuli-venezia-giulia\/wp-json\/wp\/v2\/posts\/61806\/revisions"}],"wp:featuredmedia":[{"embeddable":true,"href":"https:\/\/comitati.fisi.org\/friuli-venezia-giulia\/wp-json\/wp\/v2\/media\/61808"}],"wp:attachment":[{"href":"https:\/\/comitati.fisi.org\/friuli-venezia-giulia\/wp-json\/wp\/v2\/media?parent=61806"}],"wp:term":[{"taxonomy":"category","embeddable":true,"href":"https:\/\/comitati.fisi.org\/friuli-venezia-giulia\/wp-json\/wp\/v2\/categories?post=61806"},{"taxonomy":"post_tag","embeddable":true,"href":"https:\/\/comitati.fisi.org\/friuli-venezia-giulia\/wp-json\/wp\/v2\/tags?post=61806"}],"curies":[{"name":"wp","href":"https:\/\/api.w.org\/{rel}","templated":true}]}}