{"id":61792,"date":"2019-10-23T16:39:42","date_gmt":"2019-10-23T14:39:42","guid":{"rendered":"https:\/\/www.fisifvg.org\/?p=61792"},"modified":"2019-10-23T16:39:42","modified_gmt":"2019-10-23T14:39:42","slug":"lunedi-28-a-tolmezzo-la-riunione-delle-societa-praticanti-il-fondo","status":"publish","type":"post","link":"https:\/\/comitati.fisi.org\/friuli-venezia-giulia\/blog\/2019\/10\/23\/lunedi-28-a-tolmezzo-la-riunione-delle-societa-praticanti-il-fondo\/","title":{"rendered":"Luned\u00ec 28 a Tolmezzo la riunione delle societ\u00e0 praticanti il fondo"},"content":{"rendered":"<p><strong>Luned\u00ec 28 ottobre<\/strong> si svolger\u00e0 la consueta <strong>riunione d&#8217;inizio stagione delle societ\u00e0 FISI FVG praticanti lo sci di fondo.<\/strong><\/p>\n<p>La<strong> coordinatrice Lorella Baron<\/strong> ha convocato gli sci club alle ore 19 all&#8217;Albergo Al Benvenuto di Tolmezzo. Saranno presenti i <strong>componenti la commissione fondo del Comitato<\/strong> e il <strong>presidente regionale Maurizio Dunnhofer.<\/strong><\/p>\n<p>Questi i i punti all\u2019ordine del giorno:<br \/>\n<strong>1.<\/strong> breve relazione sulle attivit\u00e0 estive svolte;<br \/>\n<strong>2.<\/strong> eventuali variazioni regolamentari per la stagione 2019\/2020;<br \/>\n<strong>3.<\/strong> definizione calendario gare regionali stagione 2019\/2020.<\/p>\n<p>Viene cortesemente richiesto alle societ\u00e0 di far partecipare all\u2019incontro un rappresentante con potere<br \/>\ndecisionale.<\/p>\n","protected":false},"excerpt":{"rendered":"<p>Viene cortesemente richiesto alle societ\u00e0 di far partecipare all\u2019incontro un rappresentante con potere decisionale<\/p>\n","protected":false},"author":4,"featured_media":44825,"comment_status":"closed","ping_status":"closed","sticky":false,"template":"","format":"standard","meta":{"_acf_changed":false,"footnotes":""},"categories":[11],"tags":[88,520,650,497],"acf":[],"_links":{"self":[{"href":"https:\/\/comitati.fisi.org\/friuli-venezia-giulia\/wp-json\/wp\/v2\/posts\/61792"}],"collection":[{"href":"https:\/\/comitati.fisi.org\/friuli-venezia-giulia\/wp-json\/wp\/v2\/posts"}],"about":[{"href":"https:\/\/comitati.fisi.org\/friuli-venezia-giulia\/wp-json\/wp\/v2\/types\/post"}],"author":[{"embeddable":true,"href":"https:\/\/comitati.fisi.org\/friuli-venezia-giulia\/wp-json\/wp\/v2\/users\/4"}],"replies":[{"embeddable":true,"href":"https:\/\/comitati.fisi.org\/friuli-venezia-giulia\/wp-json\/wp\/v2\/comments?post=61792"}],"version-history":[{"count":0,"href":"https:\/\/comitati.fisi.org\/friuli-venezia-giulia\/wp-json\/wp\/v2\/posts\/61792\/revisions"}],"wp:featuredmedia":[{"embeddable":true,"href":"https:\/\/comitati.fisi.org\/friuli-venezia-giulia\/wp-json\/wp\/v2\/media\/44825"}],"wp:attachment":[{"href":"https:\/\/comitati.fisi.org\/friuli-venezia-giulia\/wp-json\/wp\/v2\/media?parent=61792"}],"wp:term":[{"taxonomy":"category","embeddable":true,"href":"https:\/\/comitati.fisi.org\/friuli-venezia-giulia\/wp-json\/wp\/v2\/categories?post=61792"},{"taxonomy":"post_tag","embeddable":true,"href":"https:\/\/comitati.fisi.org\/friuli-venezia-giulia\/wp-json\/wp\/v2\/tags?post=61792"}],"curies":[{"name":"wp","href":"https:\/\/api.w.org\/{rel}","templated":true}]}}