{"id":61764,"date":"2019-10-22T10:02:36","date_gmt":"2019-10-22T08:02:36","guid":{"rendered":"https:\/\/www.fisifvg.org\/?p=61764"},"modified":"2019-10-22T10:02:36","modified_gmt":"2019-10-22T08:02:36","slug":"tre-giorni-di-raduno-collegiale-a-fusine-per-i-fondisti-regionali","status":"publish","type":"post","link":"https:\/\/comitati.fisi.org\/friuli-venezia-giulia\/blog\/2019\/10\/22\/tre-giorni-di-raduno-collegiale-a-fusine-per-i-fondisti-regionali\/","title":{"rendered":"Tre giorni di raduno collegiale a Fusine per i fondisti regionali"},"content":{"rendered":"<p>Anche quest&#8217;anno, in considerazione del gradimento dell&#8217;iniziativa riscontrato in passato, il settore tecnico dello <strong>sci di fondo FISI FVG<\/strong> propone un <strong>raduno collegiale aperto a Ragazzi, Allievi ma anche alle categorie superiori.<\/strong><\/p>\n<p>L&#8217;appuntamento \u00e8 a<strong> Fusine da gioved\u00ec 31 ottobre a sabato 2 novembre.<\/strong><\/p>\n<p>Il programma prevede nel pomeriggio del primo giorno un&#8217;attivit\u00e0 rivolta allo sviluppo delle capacit\u00e0 coordinative; venerd\u00ec al mattino sci indoor e skiroll, nel pomeriggio attivit\u00e0 rivolta allo sviluppo delle capacit\u00e0 coordinative con ski roll tecnica libera (destrezza e coordinazione con gimkane varie); sabato al mattino sci indoor e skiroll.<\/p>\n","protected":false},"excerpt":{"rendered":"<p>L&#8217;appuntamento \u00e8 da gioved\u00ec 31 ottobre a sabato 2 novembre per Ragazzi, Allievi e categorie superiori<\/p>\n","protected":false},"author":4,"featured_media":22101,"comment_status":"closed","ping_status":"closed","sticky":false,"template":"","format":"standard","meta":{"_acf_changed":false,"footnotes":""},"categories":[10,11],"tags":[817,756,444],"acf":[],"_links":{"self":[{"href":"https:\/\/comitati.fisi.org\/friuli-venezia-giulia\/wp-json\/wp\/v2\/posts\/61764"}],"collection":[{"href":"https:\/\/comitati.fisi.org\/friuli-venezia-giulia\/wp-json\/wp\/v2\/posts"}],"about":[{"href":"https:\/\/comitati.fisi.org\/friuli-venezia-giulia\/wp-json\/wp\/v2\/types\/post"}],"author":[{"embeddable":true,"href":"https:\/\/comitati.fisi.org\/friuli-venezia-giulia\/wp-json\/wp\/v2\/users\/4"}],"replies":[{"embeddable":true,"href":"https:\/\/comitati.fisi.org\/friuli-venezia-giulia\/wp-json\/wp\/v2\/comments?post=61764"}],"version-history":[{"count":0,"href":"https:\/\/comitati.fisi.org\/friuli-venezia-giulia\/wp-json\/wp\/v2\/posts\/61764\/revisions"}],"wp:featuredmedia":[{"embeddable":true,"href":"https:\/\/comitati.fisi.org\/friuli-venezia-giulia\/wp-json\/wp\/v2\/media\/22101"}],"wp:attachment":[{"href":"https:\/\/comitati.fisi.org\/friuli-venezia-giulia\/wp-json\/wp\/v2\/media?parent=61764"}],"wp:term":[{"taxonomy":"category","embeddable":true,"href":"https:\/\/comitati.fisi.org\/friuli-venezia-giulia\/wp-json\/wp\/v2\/categories?post=61764"},{"taxonomy":"post_tag","embeddable":true,"href":"https:\/\/comitati.fisi.org\/friuli-venezia-giulia\/wp-json\/wp\/v2\/tags?post=61764"}],"curies":[{"name":"wp","href":"https:\/\/api.w.org\/{rel}","templated":true}]}}