{"id":61735,"date":"2019-10-21T13:38:51","date_gmt":"2019-10-21T11:38:51","guid":{"rendered":"https:\/\/www.fisifvg.org\/?p=61735"},"modified":"2019-10-21T13:38:51","modified_gmt":"2019-10-21T11:38:51","slug":"il-quintetto-azzurro-fvg-del-fondo-under-23-si-sposta-a-livigno","status":"publish","type":"post","link":"https:\/\/comitati.fisi.org\/friuli-venezia-giulia\/blog\/2019\/10\/21\/il-quintetto-azzurro-fvg-del-fondo-under-23-si-sposta-a-livigno\/","title":{"rendered":"Sei FVG del fondo Under 23 azzurro si spostano a Livigno"},"content":{"rendered":"<p>A partire da marted\u00ec 22 ottobre la squadra nazionale Under 23 di fondo si allener\u00e0 a Livigno, dove trover\u00e0 il team di Coppa del Mondo.<\/p>\n<p>I convocati sono Lorenzo Romano, Stefano Dellagiacoma, Simone Dapr\u00e0,<strong> Luca Del Fabbro, Davide Graz,<\/strong> Paolo Ventura, <strong>Martin Coradazzi, Cristina Pittin,<\/strong> Martina Bellini, Francesca Franchi, <strong>Rebecca Bergagnin,<\/strong> <strong>Martina Di Centa<\/strong>, Emilie Jeantet e Valentina Maj.<\/p>\n<p>A coordinare il lavoro, che terminer\u00e0 il 30 ottobre, saranno i tecnici <strong>Pietro Piller Cottrer,<\/strong> Renato Pasini, Luciano Cardini, Claudio Saba e Stefano Zampieri.<br \/>\nMartina Di Centa si fermer\u00e0 poi a Livigno per il raduno della squadra Under 20.<\/p>\n","protected":false},"excerpt":{"rendered":"<p>A partire da marted\u00ec 22 ottobre al lavoro Del Fabbro, Graz, Coradazzi, Pittin e Bergagnin<\/p>\n","protected":false},"author":4,"featured_media":61743,"comment_status":"closed","ping_status":"closed","sticky":false,"template":"","format":"standard","meta":{"_acf_changed":false,"footnotes":""},"categories":[10,11],"tags":[833,444,352],"acf":[],"_links":{"self":[{"href":"https:\/\/comitati.fisi.org\/friuli-venezia-giulia\/wp-json\/wp\/v2\/posts\/61735"}],"collection":[{"href":"https:\/\/comitati.fisi.org\/friuli-venezia-giulia\/wp-json\/wp\/v2\/posts"}],"about":[{"href":"https:\/\/comitati.fisi.org\/friuli-venezia-giulia\/wp-json\/wp\/v2\/types\/post"}],"author":[{"embeddable":true,"href":"https:\/\/comitati.fisi.org\/friuli-venezia-giulia\/wp-json\/wp\/v2\/users\/4"}],"replies":[{"embeddable":true,"href":"https:\/\/comitati.fisi.org\/friuli-venezia-giulia\/wp-json\/wp\/v2\/comments?post=61735"}],"version-history":[{"count":0,"href":"https:\/\/comitati.fisi.org\/friuli-venezia-giulia\/wp-json\/wp\/v2\/posts\/61735\/revisions"}],"wp:featuredmedia":[{"embeddable":true,"href":"https:\/\/comitati.fisi.org\/friuli-venezia-giulia\/wp-json\/wp\/v2\/media\/61743"}],"wp:attachment":[{"href":"https:\/\/comitati.fisi.org\/friuli-venezia-giulia\/wp-json\/wp\/v2\/media?parent=61735"}],"wp:term":[{"taxonomy":"category","embeddable":true,"href":"https:\/\/comitati.fisi.org\/friuli-venezia-giulia\/wp-json\/wp\/v2\/categories?post=61735"},{"taxonomy":"post_tag","embeddable":true,"href":"https:\/\/comitati.fisi.org\/friuli-venezia-giulia\/wp-json\/wp\/v2\/tags?post=61735"}],"curies":[{"name":"wp","href":"https:\/\/api.w.org\/{rel}","templated":true}]}}