{"id":61669,"date":"2019-10-16T14:26:54","date_gmt":"2019-10-16T12:26:54","guid":{"rendered":"https:\/\/www.fisifvg.org\/?p=61669"},"modified":"2019-10-16T14:26:54","modified_gmt":"2019-10-16T12:26:54","slug":"cappellari-e-montello-si-allenano-ad-anterselva","status":"publish","type":"post","link":"https:\/\/comitati.fisi.org\/friuli-venezia-giulia\/blog\/2019\/10\/16\/cappellari-e-montello-si-allenano-ad-anterselva\/","title":{"rendered":"Cappellari e Montello si allenano ad Anterselva"},"content":{"rendered":"<p>In attesa di scendere in pista ad Anterselva a febbraio per i Mondiali del 2020 di biathlon, Dominik Windisch, in compagnia di alcuni effettivi della <strong>squadra A di Coppa del Mondo,<\/strong> si allener\u00e0 nella localit\u00e0 bolzanina in occasione di un raduno, il cui inizio \u00e8 programmato per la giornata di <strong>sabato 19 ottobre<\/strong>. Per l&#8217;occasione, il direttore tecnico Fabrizio Curtaz ha convocato i seguenti atleti: Dominik Windisch, Patrick Braunhofer, <strong>Daniele Cappellari, Giuseppe Montello,<\/strong> Federica Sanfilippo e Nicole Gontier. Con loro, fino al 26 ottobre, ci saranno i tecnici Klaus Hoellrigl, Nicola Pozzi e Angelika Renzier. Prima di raggiungere Anterselva, il gruppo far\u00e0 tappa a Rovereto per dei test funzionali, che si svolgeranno nella giornata del 18 ottobre.<\/p>\n<p>La stagione agonistica del biathlon partir\u00e0 ufficialmente il prossimo 30 novembre a Oestersund (Sve), prima tappa della Coppa del mondo: ad aprire le danze sar\u00e0 una staffetta singola mista prevista per le ore 13,10.<\/p>\n","protected":false},"excerpt":{"rendered":"<p>La stagione agonistica del biathlon partir\u00e0 ufficialmente il prossimo 30 novembre a Oestersund, prima tappa della Coppa del mondo<\/p>\n","protected":false},"author":4,"featured_media":56648,"comment_status":"closed","ping_status":"closed","sticky":false,"template":"","format":"standard","meta":{"_acf_changed":false,"footnotes":""},"categories":[13,10],"tags":[402,164,330],"acf":[],"_links":{"self":[{"href":"https:\/\/comitati.fisi.org\/friuli-venezia-giulia\/wp-json\/wp\/v2\/posts\/61669"}],"collection":[{"href":"https:\/\/comitati.fisi.org\/friuli-venezia-giulia\/wp-json\/wp\/v2\/posts"}],"about":[{"href":"https:\/\/comitati.fisi.org\/friuli-venezia-giulia\/wp-json\/wp\/v2\/types\/post"}],"author":[{"embeddable":true,"href":"https:\/\/comitati.fisi.org\/friuli-venezia-giulia\/wp-json\/wp\/v2\/users\/4"}],"replies":[{"embeddable":true,"href":"https:\/\/comitati.fisi.org\/friuli-venezia-giulia\/wp-json\/wp\/v2\/comments?post=61669"}],"version-history":[{"count":0,"href":"https:\/\/comitati.fisi.org\/friuli-venezia-giulia\/wp-json\/wp\/v2\/posts\/61669\/revisions"}],"wp:featuredmedia":[{"embeddable":true,"href":"https:\/\/comitati.fisi.org\/friuli-venezia-giulia\/wp-json\/wp\/v2\/media\/56648"}],"wp:attachment":[{"href":"https:\/\/comitati.fisi.org\/friuli-venezia-giulia\/wp-json\/wp\/v2\/media?parent=61669"}],"wp:term":[{"taxonomy":"category","embeddable":true,"href":"https:\/\/comitati.fisi.org\/friuli-venezia-giulia\/wp-json\/wp\/v2\/categories?post=61669"},{"taxonomy":"post_tag","embeddable":true,"href":"https:\/\/comitati.fisi.org\/friuli-venezia-giulia\/wp-json\/wp\/v2\/tags?post=61669"}],"curies":[{"name":"wp","href":"https:\/\/api.w.org\/{rel}","templated":true}]}}