{"id":61650,"date":"2019-10-14T14:23:37","date_gmt":"2019-10-14T12:23:37","guid":{"rendered":"https:\/\/www.fisifvg.org\/?p=61650"},"modified":"2019-10-14T14:23:37","modified_gmt":"2019-10-14T12:23:37","slug":"lara-della-mea-si-allena-fra-hintertux-e-soelden","status":"publish","type":"post","link":"https:\/\/comitati.fisi.org\/friuli-venezia-giulia\/blog\/2019\/10\/14\/lara-della-mea-si-allena-fra-hintertux-e-soelden\/","title":{"rendered":"Lara Della Mea si allena fra Hintertux e Soelden"},"content":{"rendered":"<p>Sono dieci le <strong>atlete azzurre di sci alpino<\/strong> convocate dal direttore tecnico Gianluca Rulfi, d&#8217;intesa con il direttore sportivo Massimo Rinaldi, per un raduno di quattro giorni che si svolger\u00e0 interamente in terra austriaca.<br \/>\nLe sciatrici faranno tappa prima ad Hintertux da oggi a mercoled\u00ec 16 ottobre, e poi, nelle giornate del 17 e 18 ottobre, a Soelden, la localit\u00e0 che ospiter\u00e0 i giganti di apertura della Coppa del mondo 2019-2020 il prossimo 26 e 27 ottobre.<\/p>\n<p>Nel dettaglio saranno presenti Sofia Goggia, Federica Brignone, Laura Pirovano, Karoline Pichler, Marta Bassino, Francesca Marsaglia, Irene Curtoni, Roberta Melesi,<strong> Lara Della Mea <em>(nella foto con l&#8217;Audi che le \u00e8 stata consegnata nei giorni scorsi a Trento)<\/em><\/strong> e Roberta Midali.<\/p>\n<p>I tecnici Luca Giovanni Rulfi, Daniele Simoncelli, Matteo Guadagnini, Paolo Deflorian, Luca Scarian, Marcello Tavola, Luigi Devizzi, Matteo Pretina Sant&#8217;Agostino, Marco Sberze, Edwin Elias Molema e Luca Borgis coordineranno il lavoro nel corso delle quattro giornate.<\/p>\n","protected":false},"excerpt":{"rendered":"<p>Sono dieci le atlete convocate dal direttore tecnico Gianluca Rulfi, d&#8217;intesa con il direttore sportivo Massimo Rinaldi, per un raduno di quattro giorni in terra austriaca<\/p>\n","protected":false},"author":4,"featured_media":61652,"comment_status":"closed","ping_status":"closed","sticky":false,"template":"","format":"standard","meta":{"_acf_changed":false,"footnotes":""},"categories":[10,15],"tags":[79,822,823],"acf":[],"_links":{"self":[{"href":"https:\/\/comitati.fisi.org\/friuli-venezia-giulia\/wp-json\/wp\/v2\/posts\/61650"}],"collection":[{"href":"https:\/\/comitati.fisi.org\/friuli-venezia-giulia\/wp-json\/wp\/v2\/posts"}],"about":[{"href":"https:\/\/comitati.fisi.org\/friuli-venezia-giulia\/wp-json\/wp\/v2\/types\/post"}],"author":[{"embeddable":true,"href":"https:\/\/comitati.fisi.org\/friuli-venezia-giulia\/wp-json\/wp\/v2\/users\/4"}],"replies":[{"embeddable":true,"href":"https:\/\/comitati.fisi.org\/friuli-venezia-giulia\/wp-json\/wp\/v2\/comments?post=61650"}],"version-history":[{"count":0,"href":"https:\/\/comitati.fisi.org\/friuli-venezia-giulia\/wp-json\/wp\/v2\/posts\/61650\/revisions"}],"wp:featuredmedia":[{"embeddable":true,"href":"https:\/\/comitati.fisi.org\/friuli-venezia-giulia\/wp-json\/wp\/v2\/media\/61652"}],"wp:attachment":[{"href":"https:\/\/comitati.fisi.org\/friuli-venezia-giulia\/wp-json\/wp\/v2\/media?parent=61650"}],"wp:term":[{"taxonomy":"category","embeddable":true,"href":"https:\/\/comitati.fisi.org\/friuli-venezia-giulia\/wp-json\/wp\/v2\/categories?post=61650"},{"taxonomy":"post_tag","embeddable":true,"href":"https:\/\/comitati.fisi.org\/friuli-venezia-giulia\/wp-json\/wp\/v2\/tags?post=61650"}],"curies":[{"name":"wp","href":"https:\/\/api.w.org\/{rel}","templated":true}]}}