{"id":61644,"date":"2019-10-14T13:44:30","date_gmt":"2019-10-14T11:44:30","guid":{"rendered":"https:\/\/www.fisifvg.org\/?p=61644"},"modified":"2019-10-14T13:44:30","modified_gmt":"2019-10-14T11:44:30","slug":"il-primo-raduno-della-squadra-di-sci-alpino-raccontato-da-giacomo-vidoni","status":"publish","type":"post","link":"https:\/\/comitati.fisi.org\/friuli-venezia-giulia\/blog\/2019\/10\/14\/il-primo-raduno-della-squadra-di-sci-alpino-raccontato-da-giacomo-vidoni\/","title":{"rendered":"Il primo raduno della squadra di sci alpino raccontato da Giacomo Vidoni"},"content":{"rendered":"<p><em><strong>Si \u00e8 svolto la scorsa settimana al Passo dello Stelvio il primo raduno della squadra maschile di sci alpino del Comitato FISI FVG.<\/strong><\/em><br \/>\n<em><strong>Il racconto della tre giorni sul ghiacciaio \u00e8 affidato ad uno degli atleti, Giacomo Vidoni dello Sci CAI Monte Lussari (nella foto).<\/strong><\/em><\/p>\n<p><span style=\"font-weight: 400\"><br \/>\nQualche notizia dallo Stelvio, sono in furgone, fra poco si arriva.\u00a0<\/span><\/p>\n<p><span style=\"font-weight: 400\">Saremo qui tre giorni prima che inizi la nuova stagione, \u00e8 il primo raduno per le squadre del Comitato del Friuli Venezia Giulia, un\u2019ottima occasione per allenarsi.<\/span><\/p>\n<p><span style=\"font-weight: 400\">E ritrovarsi tra amici, nuove e vecchie conoscenze, amici sciatori ancora dei tempi di quando ero \u201cCucciolo\u201d. Come sempre: avversari in gara quei secondi, amici dopo, magari per dei \u201cfuori pista\u201d indimenticabili e a dir la verit\u00e0 un po\u2019 azzardati, vedere alcune foto per credere.\u00a0\u00a0<\/span><\/p>\n<p><span style=\"font-weight: 400\"><a href=\"http:\/\/comitati.fisi.org\/friuli-venezia-giulia\/wp-content\/uploads\/sites\/34\/2019\/10\/Squadra-alpino-Children-alpino-autunno-2019.jpeg\"><img loading=\"lazy\" decoding=\"async\" class=\"alignright wp-image-61598\" src=\"http:\/\/comitati.fisi.org\/friuli-venezia-giulia\/wp-content\/uploads\/sites\/34\/2019\/10\/Squadra-alpino-Children-alpino-autunno-2019-400x400.jpeg\" alt=\"\" width=\"500\" height=\"257\" \/><\/a>Presto si ricomincer\u00e0 a fare sul serio, dopo la stagione estiva, pensando finalmente al freddo e alla buona neve. Addio mare.\u00a0<\/span><\/p>\n<p><span style=\"font-weight: 400\">Il caldo ha condizionato il lavoro sui ghiacciai e presto, questa la speranza, ricominceremo ad allenarci su piste innevate. Anche se, concordo con Greta, continuando cos\u00ec ci toccher\u00e0 lasciare le lamine e dedicarci alle rotelle.\u00a0<\/span><\/p>\n<p><span style=\"font-weight: 400\">Il furgone sale tra le curve, se penso alle ore consumate e ai chilometri di strada percorsi in questi anni in furgoni pi\u00f9 o meno nuovi a fare il cacciatore della neve il bilancio \u00e8 davvero impressionante, se poi calcoliamo che ci giochiamo tutto in pochi secondi la cosa fa riflettere ancora di pi\u00f9. Per\u00f2 anche questo \u00e8 lo sci e le piste fanno dimenticare subito il furgone.<\/span><\/p>\n<p><span style=\"font-weight: 400\">Arrivati, si scarica. Buona neve e in bocca al lupo a Tutti. Viva il lupo.<\/span><\/p>\n<p><span style=\"font-weight: 400\">Il Tempo, quello atmosferico e pazzo, non \u00e8 generoso con noi. Ha distrutto le piste, bucate, e il secondo giorno si diverte, con raffiche di vento che giocano con le cabine della funivia come se fossero fazzoletti stesi ad asciugare, a farci scendere a piedi lungo la pista con sci in spalla e scarponi ai piedi.\u00a0<\/span><\/p>\n<p><span style=\"font-weight: 400\">Gioved\u00ec, prima di ripartire, riusciamo a fare solo pochi giri. Conosciamo bene ormai la Montagna, ha un carattere incostante: a volte ci ama e ci accoglie con un sole e paesaggi da urlo, e in questi casi pensiamo ai nostri \u201csfortunati \u201ccompagni sui banchi di scuola. A volte ci odia e ci mette a dura prova con bufere da Polo Nord, e in questi casi pensiamo ai nostri \u201cfortunati\u201d compagni sui banchi di scuola. \u00a0 Per\u00f2 anche questo \u00e8 lo sci e le piste fanno dimenticare subito le condizioni avverse.<\/span><\/p>\n<p><span style=\"font-weight: 400\">Sono in furgone, stiamo tornando, domani a scuola, per\u00f2 luned\u00ec di nuovo in pista.<\/span><\/p>\n<p><strong>GIACOMO VIDONI<\/strong><\/p>\n","protected":false},"excerpt":{"rendered":"<p>Come sono stati vissuti i tre giorni sul ghiacciaio nelle parole di uno degli atleti della squadra<\/p>\n","protected":false},"author":4,"featured_media":61645,"comment_status":"closed","ping_status":"closed","sticky":false,"template":"","format":"standard","meta":{"_acf_changed":false,"footnotes":""},"categories":[10,15],"tags":[821,444,308,213],"acf":[],"_links":{"self":[{"href":"https:\/\/comitati.fisi.org\/friuli-venezia-giulia\/wp-json\/wp\/v2\/posts\/61644"}],"collection":[{"href":"https:\/\/comitati.fisi.org\/friuli-venezia-giulia\/wp-json\/wp\/v2\/posts"}],"about":[{"href":"https:\/\/comitati.fisi.org\/friuli-venezia-giulia\/wp-json\/wp\/v2\/types\/post"}],"author":[{"embeddable":true,"href":"https:\/\/comitati.fisi.org\/friuli-venezia-giulia\/wp-json\/wp\/v2\/users\/4"}],"replies":[{"embeddable":true,"href":"https:\/\/comitati.fisi.org\/friuli-venezia-giulia\/wp-json\/wp\/v2\/comments?post=61644"}],"version-history":[{"count":0,"href":"https:\/\/comitati.fisi.org\/friuli-venezia-giulia\/wp-json\/wp\/v2\/posts\/61644\/revisions"}],"wp:featuredmedia":[{"embeddable":true,"href":"https:\/\/comitati.fisi.org\/friuli-venezia-giulia\/wp-json\/wp\/v2\/media\/61645"}],"wp:attachment":[{"href":"https:\/\/comitati.fisi.org\/friuli-venezia-giulia\/wp-json\/wp\/v2\/media?parent=61644"}],"wp:term":[{"taxonomy":"category","embeddable":true,"href":"https:\/\/comitati.fisi.org\/friuli-venezia-giulia\/wp-json\/wp\/v2\/categories?post=61644"},{"taxonomy":"post_tag","embeddable":true,"href":"https:\/\/comitati.fisi.org\/friuli-venezia-giulia\/wp-json\/wp\/v2\/tags?post=61644"}],"curies":[{"name":"wp","href":"https:\/\/api.w.org\/{rel}","templated":true}]}}