{"id":61618,"date":"2019-10-13T12:23:43","date_gmt":"2019-10-13T10:23:43","guid":{"rendered":"https:\/\/www.fisifvg.org\/?p=61618"},"modified":"2019-10-13T12:23:43","modified_gmt":"2019-10-13T10:23:43","slug":"le-classifiche-dei-test-di-biathlon-di-forni-avoltri","status":"publish","type":"post","link":"https:\/\/comitati.fisi.org\/friuli-venezia-giulia\/blog\/2019\/10\/13\/le-classifiche-dei-test-di-biathlon-di-forni-avoltri\/","title":{"rendered":"Le classifiche dei test di biathlon di Forni Avoltri"},"content":{"rendered":"<p>Oggi alla Carnia Arena di\u00a0<strong>Forni Avoltri<\/strong> si \u00e8 svolto il terzo test stagionale per Giovani e Aspiranti organizzato dal <strong>settore biathlon del Comitato FISI FVG.<\/strong><\/p>\n<p>In programma una prova individuale con 4 serie di tiro TT PP e giri di penalit\u00e0.<\/p>\n<p>Le ragazze hanno disputato una prova sui 5 km, gli Aspiranti sui 7.5, i Giovani sui 10.<\/p>\n<p>Nei Giovani il miglior tempo \u00e8 stato fatto registrare da<strong> Fabio Cappellari della Fornese<\/strong>.<br \/>\nNegli Aspiranti primo posto per <strong>Lorenzo Solero dei Camosci,<\/strong> categoria Giovani che ha per\u00f2 preferito percorrere una distanza minore per un piccolo fastidio. Il migliore tra gli Aspiranti \u00e8 stato cos\u00ec <strong>Nicholas Ribbi dei Camosci.<\/strong><br \/>\nAnche nella prova femminile Aspiranti si \u00e8 imposta una Giovane, <strong>Debora Ottaviani<\/strong> della Monte Coglians, che ha preceduto le sorella <strong>Ilaria e Sara Scattolo,<\/strong> anch&#8217;esse del club di Forni Avoltri, rispettivamente la migliore e la seconda delle Aspiranti.<\/p>\n<p><a href=\"http:\/\/comitati.fisi.org\/friuli-venezia-giulia\/wp-content\/uploads\/sites\/34\/2019\/10\/test-biathlon-ottobre-2019-pc.xls\">Classifiche<\/a><\/p>\n","protected":false},"excerpt":{"rendered":"<p>In programma una prova individuale con 4 serie di tiro TT PP e giri di penalit\u00e0<\/p>\n","protected":false},"author":4,"featured_media":60923,"comment_status":"closed","ping_status":"closed","sticky":false,"template":"","format":"standard","meta":{"_acf_changed":false,"footnotes":""},"categories":[13,10],"tags":[137,160],"acf":[],"_links":{"self":[{"href":"https:\/\/comitati.fisi.org\/friuli-venezia-giulia\/wp-json\/wp\/v2\/posts\/61618"}],"collection":[{"href":"https:\/\/comitati.fisi.org\/friuli-venezia-giulia\/wp-json\/wp\/v2\/posts"}],"about":[{"href":"https:\/\/comitati.fisi.org\/friuli-venezia-giulia\/wp-json\/wp\/v2\/types\/post"}],"author":[{"embeddable":true,"href":"https:\/\/comitati.fisi.org\/friuli-venezia-giulia\/wp-json\/wp\/v2\/users\/4"}],"replies":[{"embeddable":true,"href":"https:\/\/comitati.fisi.org\/friuli-venezia-giulia\/wp-json\/wp\/v2\/comments?post=61618"}],"version-history":[{"count":0,"href":"https:\/\/comitati.fisi.org\/friuli-venezia-giulia\/wp-json\/wp\/v2\/posts\/61618\/revisions"}],"wp:featuredmedia":[{"embeddable":true,"href":"https:\/\/comitati.fisi.org\/friuli-venezia-giulia\/wp-json\/wp\/v2\/media\/60923"}],"wp:attachment":[{"href":"https:\/\/comitati.fisi.org\/friuli-venezia-giulia\/wp-json\/wp\/v2\/media?parent=61618"}],"wp:term":[{"taxonomy":"category","embeddable":true,"href":"https:\/\/comitati.fisi.org\/friuli-venezia-giulia\/wp-json\/wp\/v2\/categories?post=61618"},{"taxonomy":"post_tag","embeddable":true,"href":"https:\/\/comitati.fisi.org\/friuli-venezia-giulia\/wp-json\/wp\/v2\/tags?post=61618"}],"curies":[{"name":"wp","href":"https:\/\/api.w.org\/{rel}","templated":true}]}}