{"id":504,"date":"2003-02-19T09:48:15","date_gmt":"2003-02-19T09:48:15","guid":{"rendered":"http:\/\/www.fisifvg.org\/2003\/02\/19\/sci-alpino-jacopo-di-ronco-topolino-mondiale\/"},"modified":"2003-02-19T09:48:15","modified_gmt":"2003-02-19T09:48:15","slug":"sci-alpino-jacopo-di-ronco-topolino-mondiale","status":"publish","type":"post","link":"https:\/\/comitati.fisi.org\/friuli-venezia-giulia\/blog\/2003\/02\/19\/sci-alpino-jacopo-di-ronco-topolino-mondiale\/","title":{"rendered":"SCI ALPINO- Jacopo Di Ronco &#8220;Topolino&#8221; Mondiale"},"content":{"rendered":"<p><U>19-2-2003<\/u>. <b>Jacopo Di Ronco<\/b> &#8220;<I>Topolino<\/i>&#8221; mondiale! <P><br \/>\nDa Pinzolo \u00e8 arrivato un risultato storico per il Comitato Fisi regionale: per la prima volta un ragazzo \u00e8 salito sul podio pi\u00f9 alto nella finale internazionale della storica manifestazione giovanile. Prima di lui c&#8217;erano riuscite solo due esponenti del gentil sesso, <b>Nadia Bonfini<\/b>, poi approdata in Coppa del Mondo, e <B>Alessia Segulin<\/b>, la grande speranza dello sci nazionale. <\/p>\n<p> Dopo aver vinto il gigante Ragazzi della fase nazionale, Di Ronco, nato il 17 gennaio &#8217;90, ha dominato il gigante della finale internazionale, al quale partecipavano sciatori provenienti da 43 nazioni. Gi\u00e0 in occasione della fase nazionale l&#8217;alfiere dell&#8217;<B>As M.Dauda <\/b>di Zuglio aveva di mostrato di essere di un&#8217;altra categoria rispetto agli avversari, ma c&#8217;era curiosit\u00e0 per capire se questa supremazia ci sarebbe stata anche con avversari stranieri. <P>Ebbene, il piccolo talento di Rivo di Paluzza, figlio di Glauco, responsabile dello sci alpino regionale, ha vinto con un vantaggio di 98 centesimi sul secondo classificato, il tedesco Max Ehrl e 1&#8243;07 sull&#8217;altoatesino Benjamin Kral, reduce dalla gara internazionale Fis di Skofja Loka vinta dall&#8217;altro carnico Matteo Veritti. <br \/>Ci\u00f2 significa che, in questo momento, il Friuli Venezia Giulia dispone dei due migliori atleti della categoria Ragazzi, niente male davvero per una regione che da molti anni non produce talenti nel settore maschile dello sci alpino. <P>\u00abE&#8217; una grande soddi sfazione per tutto il nostro movimento- dice il presidente del Comitato Fisi regionale <B>Franco Fontana<\/b>&#8211; Evidentemente il lavoro svolto negli ultimi anni dagli allenatori sta dando i frutti sperati\u00bb. <\/p>\n<p> Jacopo \u00e8 stato bravissimo anche in slalom, dove ha ottenuto un secondo posto. E adesso c&#8217;\u00e8 grande attesa per i Campionati Italiani.<P><\/p>\n<p>Le classifiche su <a href=\"http:\/\/www.trofeotoposci.com\">www.trofeotoposci.com<\/a><\/p>\n","protected":false},"excerpt":{"rendered":"<p>Il tredicenne dell&#8217;As M.Dauda ha trionfato nel gigante ed \u00e8 giunto secondo nello slalom<\/p>\n","protected":false},"author":4,"featured_media":505,"comment_status":"closed","ping_status":"closed","sticky":false,"template":"","format":"standard","meta":{"_acf_changed":false,"footnotes":""},"categories":[792],"tags":[],"acf":[],"_links":{"self":[{"href":"https:\/\/comitati.fisi.org\/friuli-venezia-giulia\/wp-json\/wp\/v2\/posts\/504"}],"collection":[{"href":"https:\/\/comitati.fisi.org\/friuli-venezia-giulia\/wp-json\/wp\/v2\/posts"}],"about":[{"href":"https:\/\/comitati.fisi.org\/friuli-venezia-giulia\/wp-json\/wp\/v2\/types\/post"}],"author":[{"embeddable":true,"href":"https:\/\/comitati.fisi.org\/friuli-venezia-giulia\/wp-json\/wp\/v2\/users\/4"}],"replies":[{"embeddable":true,"href":"https:\/\/comitati.fisi.org\/friuli-venezia-giulia\/wp-json\/wp\/v2\/comments?post=504"}],"version-history":[{"count":0,"href":"https:\/\/comitati.fisi.org\/friuli-venezia-giulia\/wp-json\/wp\/v2\/posts\/504\/revisions"}],"wp:featuredmedia":[{"embeddable":true,"href":"https:\/\/comitati.fisi.org\/friuli-venezia-giulia\/wp-json\/wp\/v2\/media\/505"}],"wp:attachment":[{"href":"https:\/\/comitati.fisi.org\/friuli-venezia-giulia\/wp-json\/wp\/v2\/media?parent=504"}],"wp:term":[{"taxonomy":"category","embeddable":true,"href":"https:\/\/comitati.fisi.org\/friuli-venezia-giulia\/wp-json\/wp\/v2\/categories?post=504"},{"taxonomy":"post_tag","embeddable":true,"href":"https:\/\/comitati.fisi.org\/friuli-venezia-giulia\/wp-json\/wp\/v2\/tags?post=504"}],"curies":[{"name":"wp","href":"https:\/\/api.w.org\/{rel}","templated":true}]}}