{"id":502,"date":"2003-02-13T15:58:47","date_gmt":"2003-02-13T15:58:47","guid":{"rendered":"http:\/\/www.fisifvg.org\/2003\/02\/13\/sci-alpino-matteo-veritti-nemmeno-un-brutto-incidente-lha-fermato\/"},"modified":"2003-02-13T15:58:47","modified_gmt":"2003-02-13T15:58:47","slug":"sci-alpino-matteo-veritti-nemmeno-un-brutto-incidente-lha-fermato","status":"publish","type":"post","link":"https:\/\/comitati.fisi.org\/friuli-venezia-giulia\/blog\/2003\/02\/13\/sci-alpino-matteo-veritti-nemmeno-un-brutto-incidente-lha-fermato\/","title":{"rendered":"SCI ALPINO- Matteo Veritti, nemmeno un brutto incidente l&#8217;ha fermato"},"content":{"rendered":"<p><U>19-2-2003<\/u>. <B>Matteo Veritti<\/b> potrebbe aggiudicarsi quest&#8217;anno due riconoscimenti, quello di miglior giovane sciatore della regione e quello di pi\u00f9 sfortunato. <P>Il talento del Circolo Sciatori &#8220;Romano Cimenti&#8221; di Tolmezzo ha infatti conquistato un&#8217;incredibile serie di risultati positivi, anche all&#8217;estero, ma ha rischiato di compromettere il seguito della stagione a causa di un incidente tanto banale quanto serio accaduto l\u201911 febbraio a Hochrindl, in Austria, poche ore dopo la conclusione del supergigante valido per il Campionato Carinziano di categoria, nel quale aveva ottenuto un ottimo terzo posto. Matteo ha ricevuto in pieno viso un tremendo colpo dal suo bastoncino e la conseguenza \u00e8 stata la perdita di due denti, che fra l&#8217;altro non sono poi stati ritrovati. Fortunatamente non \u00e8 stato necessario il ricovero in ospedale ma \u00e8 ovvio che lo shock sia stato notevole. <P>Un vero peccato, perch\u00e9 il dodicenne Veritti in questa stagione stava andando alla grande: in sei gare del calendario regionale aveva ottenuto quattro successi ed un secondo posto ma sono arrivate grande prestazioni anche in Austria, prima fra tutte la vittoria in un gigante del calendario carinziano ad Arnoldstein. Ma il risultato pi\u00f9 clamoroso era arrivato solamente sabato 8 febbraio, con il trionfo nello slalom internazionale Children Fis di Skofja Loka, in Slovenia, praticamente un campionato europeo della categoria. <P>&#8220;In effetti in questa stagione Matteo \u00e8 cresciuto moltissimo- spiega  pap\u00e0 Giancarlo, nome storico dello sci regionale e presidente dei revisori dei conti del Comitato Fisi Fvg- I segreti? Tanti, dalla pratica del kick-boxing per rafforzare il fisico, al continuo confronto con la scuola carinziana, senza dimenticare il grande lavoro svolto dagli allenatori Luciano Veritti, Dino Brovedan e Alex Sbrizzai&#8221;. <P>E poi c&#8217;\u00e8 una bella concorrenza interna, in particolare con Jacopo Di Ronco dell&#8217;As M.Dauda, trionfatore al recente Trofeo &#8220;Topolino&#8221;: &#8220;E&#8217; vero- conferma Veritti- Le belle prestazioni di Jacopo hanno prodotto una competizione utilissima&#8221;.<P> Il futuro dello sci alpino friulano \u00e8 quindi roseo? &#8220;Ritengo di s\u00ec, nella categoria Ragazzi ci sono tanti buoni sciatori, credo proprio che di loro ne sentiremo ancora parlare&#8221;.<P> E Matteo \u00e8 a forzato riposo? Certo che no, a soli cinque giorni dall&#8217;incidente \u00e8 rientrato in pista a Forni di Sopra per un gigante e tanto per cambiare ha vinto. Come dire che, in fatto di grinta e determinazione, il ragazzo ha gi\u00e0 imparato tanto.   <\/p>\n","protected":false},"excerpt":{"rendered":"<p>Dopo un terzo posto in Superg, il talento del Cimenti si \u00e8 rotto due denti, ma cinque giorni dopo era di nuovo in gara.<\/p>\n","protected":false},"author":4,"featured_media":503,"comment_status":"closed","ping_status":"closed","sticky":false,"template":"","format":"standard","meta":{"_acf_changed":false,"footnotes":""},"categories":[792],"tags":[],"acf":[],"_links":{"self":[{"href":"https:\/\/comitati.fisi.org\/friuli-venezia-giulia\/wp-json\/wp\/v2\/posts\/502"}],"collection":[{"href":"https:\/\/comitati.fisi.org\/friuli-venezia-giulia\/wp-json\/wp\/v2\/posts"}],"about":[{"href":"https:\/\/comitati.fisi.org\/friuli-venezia-giulia\/wp-json\/wp\/v2\/types\/post"}],"author":[{"embeddable":true,"href":"https:\/\/comitati.fisi.org\/friuli-venezia-giulia\/wp-json\/wp\/v2\/users\/4"}],"replies":[{"embeddable":true,"href":"https:\/\/comitati.fisi.org\/friuli-venezia-giulia\/wp-json\/wp\/v2\/comments?post=502"}],"version-history":[{"count":0,"href":"https:\/\/comitati.fisi.org\/friuli-venezia-giulia\/wp-json\/wp\/v2\/posts\/502\/revisions"}],"wp:featuredmedia":[{"embeddable":true,"href":"https:\/\/comitati.fisi.org\/friuli-venezia-giulia\/wp-json\/wp\/v2\/media\/503"}],"wp:attachment":[{"href":"https:\/\/comitati.fisi.org\/friuli-venezia-giulia\/wp-json\/wp\/v2\/media?parent=502"}],"wp:term":[{"taxonomy":"category","embeddable":true,"href":"https:\/\/comitati.fisi.org\/friuli-venezia-giulia\/wp-json\/wp\/v2\/categories?post=502"},{"taxonomy":"post_tag","embeddable":true,"href":"https:\/\/comitati.fisi.org\/friuli-venezia-giulia\/wp-json\/wp\/v2\/tags?post=502"}],"curies":[{"name":"wp","href":"https:\/\/api.w.org\/{rel}","templated":true}]}}