{"id":123883,"date":"2026-09-05T07:05:08","date_gmt":"2026-09-05T07:05:08","guid":{"rendered":"https:\/\/comitati.fisi.org\/friuli-venezia-giulia\/?p=123883"},"modified":"2026-09-05T09:24:45","modified_gmt":"2026-09-05T09:24:45","slug":"rottura-del-legamento-crociato-per-greta-pinzani","status":"publish","type":"post","link":"https:\/\/comitati.fisi.org\/friuli-venezia-giulia\/blog\/2026\/09\/05\/rottura-del-legamento-crociato-per-greta-pinzani\/","title":{"rendered":"Rottura del legamento crociato per Greta Pinzani"},"content":{"rendered":"\n<p>Greta Pinzani si \u00e8 rotta il legamento crociato del ginocchio sinistro cadendo dal trampolino grande di Predazzo durante un allenamento.<br>La ventunenne di Tarvisio, tesserata con lo Sci CAI Monte Lussari, era impegnata nel raduno della squadra azzurra di combinata nordica nella localit\u00e0 trentina, sede delle prove olimpiche di Milano Cortina 2026.<br>Greta \u00e8 stata portata all&#8217;ospedale di Verona.<br>Per lei la stagione \u00e8 quindi finita. <br>A Greta vanno gli auguri di un pronto recupero da tutta la FISI FVG.<\/p>\n","protected":false},"excerpt":{"rendered":"<p>La combinatista di Tarvisio \u00e8 caduta dal trampolino grande di Predazzo<\/p>\n","protected":false},"author":14,"featured_media":123886,"comment_status":"open","ping_status":"open","sticky":false,"template":"","format":"standard","meta":{"_acf_changed":false,"footnotes":""},"categories":[7,6,8],"tags":[],"acf":[],"_links":{"self":[{"href":"https:\/\/comitati.fisi.org\/friuli-venezia-giulia\/wp-json\/wp\/v2\/posts\/123883"}],"collection":[{"href":"https:\/\/comitati.fisi.org\/friuli-venezia-giulia\/wp-json\/wp\/v2\/posts"}],"about":[{"href":"https:\/\/comitati.fisi.org\/friuli-venezia-giulia\/wp-json\/wp\/v2\/types\/post"}],"author":[{"embeddable":true,"href":"https:\/\/comitati.fisi.org\/friuli-venezia-giulia\/wp-json\/wp\/v2\/users\/14"}],"replies":[{"embeddable":true,"href":"https:\/\/comitati.fisi.org\/friuli-venezia-giulia\/wp-json\/wp\/v2\/comments?post=123883"}],"version-history":[{"count":8,"href":"https:\/\/comitati.fisi.org\/friuli-venezia-giulia\/wp-json\/wp\/v2\/posts\/123883\/revisions"}],"predecessor-version":[{"id":123896,"href":"https:\/\/comitati.fisi.org\/friuli-venezia-giulia\/wp-json\/wp\/v2\/posts\/123883\/revisions\/123896"}],"wp:featuredmedia":[{"embeddable":true,"href":"https:\/\/comitati.fisi.org\/friuli-venezia-giulia\/wp-json\/wp\/v2\/media\/123886"}],"wp:attachment":[{"href":"https:\/\/comitati.fisi.org\/friuli-venezia-giulia\/wp-json\/wp\/v2\/media?parent=123883"}],"wp:term":[{"taxonomy":"category","embeddable":true,"href":"https:\/\/comitati.fisi.org\/friuli-venezia-giulia\/wp-json\/wp\/v2\/categories?post=123883"},{"taxonomy":"post_tag","embeddable":true,"href":"https:\/\/comitati.fisi.org\/friuli-venezia-giulia\/wp-json\/wp\/v2\/tags?post=123883"}],"curies":[{"name":"wp","href":"https:\/\/api.w.org\/{rel}","templated":true}]}}