{"id":123874,"date":"2026-09-04T06:55:15","date_gmt":"2026-09-04T06:55:15","guid":{"rendered":"https:\/\/comitati.fisi.org\/friuli-venezia-giulia\/?p=123874"},"modified":"2026-09-03T09:56:04","modified_gmt":"2026-09-03T09:56:04","slug":"al-centro-federale-neve-sole-di-aurisina-ritornano-i-corsi-gratuiti-per-bambini-e-ragazzi","status":"publish","type":"post","link":"https:\/\/comitati.fisi.org\/friuli-venezia-giulia\/blog\/2026\/09\/04\/al-centro-federale-neve-sole-di-aurisina-ritornano-i-corsi-gratuiti-per-bambini-e-ragazzi\/","title":{"rendered":"Al centro federale &#8220;Neve Sole&#8221; di Aurisina ritornano i corsi gratuiti per bambini e ragazzi"},"content":{"rendered":"\n<p><strong><em>Riceviamo dallo Sci Club 70 e volentieri pubblichiamo.<\/em><\/strong><br><br>In\u00a0autunno, al centro federale NEVE SOLE di Aurisina, ritornano i corsi gratuiti a numero chiuso per bambini e ragazzi (6-10 anni), iscritti ai &#8220;Ricreatori&#8221; di Trieste.<\/p>\n\n\n\n<p>L&#8217;assessorato alle politiche dell&#8217;educazione e delle famiglie di Trieste promuove e sostiene, anche quest&#8217;anno, il progetto, dopo il grande successo delle due prime edizioni.<\/p>\n\n\n\n<p>Quattro appuntamenti a cadenza settimanale (nella giornata di domenica, 9-11, nei mesi di ottobre e novembre) per un totale di 8 ore di lezione con i maestri della Scuola Italiana Sci di Aurisina.&nbsp;<\/p>\n\n\n\n<p>I corsi saranno suddivisi per et\u00e0 e disciplina (sci alpino, nordico e snowboard) e l&#8217;attrezzatura sar\u00e0 messa a disposizione dallo SCI CLUB 70.&nbsp;<\/p>\n\n\n\n<p>L&#8217;iniziativa \u00e8 inserita nel progetto&nbsp;<strong>&#8220;Vola alto con lo sport&#8221;<\/strong>&nbsp;sostenuto dalla regione Friuli Venezia Giulia e promosso dal Coni regionale.<\/p>\n\n\n\n<p>L&#8217;obiettivo \u00e8 avvicinare i bambini alle attivit\u00e0 motorie all&#8217;aperto, sviluppando le loro capacit\u00e0 nell&#8217;ambito sportivo e incentivare la socializzazione giovanile all&#8217;interno di un ambiente sano e sicuro.&nbsp;<\/p>\n\n\n\n<p>Le domande di partecipazione vanno fatte utilizzando il portale&nbsp;<a href=\"http:\/\/www.triestescuolaonline.it\/?fbclid=IwcGRvZgVleHRuA2FlbQIxMABzcnRjBmFwcF9pZBAyMjIwMzkxNzg4MjAwODkyAAEeFgixtX_LG7898URVIC1SPnTyzIU8iJ-mHzX2Lr1ZEmsm6yGE-7EKyINPRhM_aem_bBpdJbRhbd7GclGmjI46lg\" target=\"_blank\" rel=\"noreferrer noopener\">www.triestescuolaonline.it<\/a>&nbsp;del Comune di Trieste (sezione: ISCRIZIONI), a partire<strong>&nbsp;dal 7 SETTEMBRE 2026.&nbsp;<\/strong>Maggiori informazioni sono disponibili sul sito&nbsp;<a href=\"https:\/\/l.facebook.com\/l.php?u=http%253A%252F%252Fwww.sciclub70.com%252F%253Ffbclid%253DIwcGRvZgVleHRuA2FlbQIxMABzcnRjBmFwcF9pZBAyMjIwMzkxNzg4MjAwODkyAAEeaSrL8cw5AaIgo1Icid3XqXr4Lf6q5sCtb1HHsskiIqnKtfJkz8zCSNMoL58_aem_ymWiGCNWZNsP9y8KSQ-ojA&amp;h=AUCqM3aFgORePZw_L-Eop2bQqhGmgB3-z06QY-h-eoHwsBrUvch50lIzrDk-_WPm9t_5HZwLegcePJgu3n5eIluStrj1PpCu67XFwtAldvlI3j1HeeyZUDvaZnKScaUOTINgqSrV4gvT87nZ21w&amp;__tn__=-UK-R&amp;c%5B0%5D=AUCcuK4xJrD6ZmPfkgzezi6g9V24zcFlcPgT49PycaOHp9tII9b8N0nrQmrh2223F-z4FtU1SEgCGGGbVXr9lsMzi9cSTXLFVeUVG-4vjtfPwzxWbe8TXpg3-1-fxqqhaiem0EmIIgXe2S-bKwpLbv0GME1INxokQpdWcD-qb04zIpDr1I4CaJSfFCRkGZjP5VBAOB6Ck85w-XyKbHcOpKif3Q\" target=\"_blank\" rel=\"noreferrer noopener\">www.sciclub70.com<\/a>&nbsp;(sezione: EVENTI)<\/p>\n\n\n\n<p>Questi i Ricreatori di riferimento: ANNA FRANK \u2013 BRUNNER \u2013 COBOLLI &#8211; DE AMICIS &#8211; FONDA SAVIO \u2013 GENTILLI \u2013 LUCCHINI \u2013 NORDIO \u2013 PADOVAN \u2013 PITTERI \u2013 RICCERI &#8211; SIS COLLODI &#8211; STUPARICH.<\/p>\n","protected":false},"excerpt":{"rendered":"<p>Riguardano sci alpino, sci di fondo e snowboard e l&#8217;attrezzatura sar\u00e0 messa a disposizione dallo Sci Club 70<\/p>\n","protected":false},"author":14,"featured_media":123875,"comment_status":"open","ping_status":"open","sticky":false,"template":"","format":"standard","meta":{"_acf_changed":false,"footnotes":""},"categories":[7,6,8],"tags":[],"acf":[],"_links":{"self":[{"href":"https:\/\/comitati.fisi.org\/friuli-venezia-giulia\/wp-json\/wp\/v2\/posts\/123874"}],"collection":[{"href":"https:\/\/comitati.fisi.org\/friuli-venezia-giulia\/wp-json\/wp\/v2\/posts"}],"about":[{"href":"https:\/\/comitati.fisi.org\/friuli-venezia-giulia\/wp-json\/wp\/v2\/types\/post"}],"author":[{"embeddable":true,"href":"https:\/\/comitati.fisi.org\/friuli-venezia-giulia\/wp-json\/wp\/v2\/users\/14"}],"replies":[{"embeddable":true,"href":"https:\/\/comitati.fisi.org\/friuli-venezia-giulia\/wp-json\/wp\/v2\/comments?post=123874"}],"version-history":[{"count":2,"href":"https:\/\/comitati.fisi.org\/friuli-venezia-giulia\/wp-json\/wp\/v2\/posts\/123874\/revisions"}],"predecessor-version":[{"id":123877,"href":"https:\/\/comitati.fisi.org\/friuli-venezia-giulia\/wp-json\/wp\/v2\/posts\/123874\/revisions\/123877"}],"wp:featuredmedia":[{"embeddable":true,"href":"https:\/\/comitati.fisi.org\/friuli-venezia-giulia\/wp-json\/wp\/v2\/media\/123875"}],"wp:attachment":[{"href":"https:\/\/comitati.fisi.org\/friuli-venezia-giulia\/wp-json\/wp\/v2\/media?parent=123874"}],"wp:term":[{"taxonomy":"category","embeddable":true,"href":"https:\/\/comitati.fisi.org\/friuli-venezia-giulia\/wp-json\/wp\/v2\/categories?post=123874"},{"taxonomy":"post_tag","embeddable":true,"href":"https:\/\/comitati.fisi.org\/friuli-venezia-giulia\/wp-json\/wp\/v2\/tags?post=123874"}],"curies":[{"name":"wp","href":"https:\/\/api.w.org\/{rel}","templated":true}]}}