{"id":123052,"date":"2026-05-01T00:15:12","date_gmt":"2026-05-01T00:15:12","guid":{"rendered":"https:\/\/comitati.fisi.org\/friuli-venezia-giulia\/?p=123052"},"modified":"2026-05-01T00:17:35","modified_gmt":"2026-05-01T00:17:35","slug":"video-la-regione-friuli-venezia-giulia-omaggia-atleti-e-tecnici-presenti-a-milano-cortina-2026","status":"publish","type":"post","link":"https:\/\/comitati.fisi.org\/friuli-venezia-giulia\/blog\/2026\/05\/01\/video-la-regione-friuli-venezia-giulia-omaggia-atleti-e-tecnici-presenti-a-milano-cortina-2026\/","title":{"rendered":"VIDEO &#8211; La Regione Friuli Venezia Giulia omaggia atleti e tecnici presenti a Milano Cortina 2026"},"content":{"rendered":"\n<p>&#8220;Gli atleti della nostra regione che hanno partecipato alle Olimpiadi invernali di Milano-Cortina sono l&#8217;orgoglio della nostra comunit\u00e0. Lo sport \u00e8 uno straordinario canale di promozione territoriale e un evidente valore aggiunto che spesso riesce a generare interessanti occasioni di sviluppo economico e turistico. Per questo sulla maglia rosa del Giro d&#8217;Italia quest&#8217;anno ci sar\u00e0 il marchio &#8216;Io sono Friuli Venezia Giulia&#8217;. Grazie a iniziative come questa siamo certi di valorizzare le eccellenze, le bellezze e le opportunit\u00e0 che continua a offrire il nostro territorio&#8221;.<\/p>\n\n\n\n<p>Lo ha sostenuto il governatore del Friuli Venezia Giulia Massimiliano Fedriga durante la cerimonia di premiazione degli atleti che hanno gareggiato nella recente manifestazione olimpica. Un&#8217;iniziativa ospitata dal Palazzo della Regione di Trieste che ha visto la presenza anche dell&#8217;assessore regionale alle Finanze Barbara Zilli, del presidente regionale del Coni Andrea Marcon e del presidente della FISI FVG Maurizio Dunnhofer, accompagnato dal vicepresidente Manuel Mentil e dal coordinatore dello sci alpino Tancredi Del Mestre.<\/p>\n\n\n\n<p>&#8220;Chi raggiunge questi livelli, non comunica solo l&#8217;importanza di essere un campione. Gli atleti olimpici &#8211; ha ricordato Fedriga &#8211; hanno un&#8217;incredibile capacit\u00e0 di affascinare i giovani e di spingerli a praticare attivit\u00e0 sportiva. \u00c8 fondamentale trasmettere i valori dello sport, lo spirito di sacrificio, la voglia di fare squadra e la forza di rialzarsi dopo ogni sconfitta. Valori importanti per affrontare i diversi ostacoli che possiamo incontrare lungo il percorso e che ci aiutano a formare cittadini migliori&#8221;.<\/p>\n\n\n\n<p>I riconoscimenti del Coni e della Regione sono andati a Giada Andreutti (bob), Francesco Cecon (salto con gli sci), Anna Costella (bob), Lara Della Mea (sci), Martina Di Centa (fondo), Davide Graz (fondo), Alessandro Pittin (combinata nordica), Nicola Romanin (biathlon), Lisa Vittozzi (biathlon) e Martina Zanitzer (salto con gli sci). <\/p>\n\n\n\n<p>Durante la cerimonia sono stati premiati anche altri componenti della delegazione del Friuli Venezia Giulia: lo skiman del biathlon e campione olimpico nella 50 km di fondo a Torino 2006 Giorgio Di Centa, il tecnico di salto con gli sci Zeno Di Lenardo, il direttore tecnico dello sci alpinismo Fabio Meraldi, il tecnico di biathlon Mirco Romanin, il direttore di gara della Coppa del Mondo di sci alpino femminile Peter Gerdol e la vincitrice di sette medaglie olimpiche e membro onorario del Cio Manuela Di Centa.\u00a0Presente anche Roberto Cecon, il pi\u00f9 grande saltatore italiano di sempre.<\/p>\n\n\n\n<figure class=\"wp-block-embed is-type-video is-provider-youtube wp-block-embed-youtube wp-embed-aspect-16-9 wp-has-aspect-ratio\"><div class=\"wp-block-embed__wrapper\">\n<div class=\"x-resp-embed x-is-video x-is-youtube\"><iframe loading=\"lazy\" title=\"Massimiliano Fedriga: \u00abGrazie a tutti gli atleti olimpici per come hanno rappresentato la regione\u00bb\" width=\"500\" height=\"281\" src=\"https:\/\/www.youtube.com\/embed\/nVwyQXTjQho?feature=oembed\" frameborder=\"0\" allow=\"accelerometer; autoplay; clipboard-write; encrypted-media; gyroscope; picture-in-picture; web-share\" referrerpolicy=\"strict-origin-when-cross-origin\" allowfullscreen><\/iframe><\/div>\n<\/div><\/figure>\n\n\n\n<figure class=\"wp-block-embed is-type-video is-provider-youtube wp-block-embed-youtube wp-embed-aspect-16-9 wp-has-aspect-ratio\"><div class=\"wp-block-embed__wrapper\">\n<div class=\"x-resp-embed x-is-video x-is-youtube\"><iframe loading=\"lazy\" title=\"Maurizio Dunnhofer: \u00abLavoreremo per portare sempre pi\u00f9 atleti FVG alle Olimpiadi\u00bb\" width=\"500\" height=\"281\" src=\"https:\/\/www.youtube.com\/embed\/LywHSTVR3SY?feature=oembed\" frameborder=\"0\" allow=\"accelerometer; autoplay; clipboard-write; encrypted-media; gyroscope; picture-in-picture; web-share\" referrerpolicy=\"strict-origin-when-cross-origin\" allowfullscreen><\/iframe><\/div>\n<\/div><\/figure>\n\n\n\n<p><br><strong><em>(nella foto da sinistra Vittozzi, Meraldi, Mirco Romanin, Costella, Graz, Giorgio Di Centa, Marcon, Fedriga, Nicola Romanin, Della Mea, Andreutti, Dunnhofer, Manuela Di Centa e Gerdol)<\/em><\/strong><\/p>\n","protected":false},"excerpt":{"rendered":"<p>La cerimonia si \u00e8 tenuta nel Palazzo della Regione a Trieste, presente il governatore Massimiliano Fedriga<\/p>\n","protected":false},"author":14,"featured_media":123055,"comment_status":"open","ping_status":"open","sticky":false,"template":"","format":"standard","meta":{"_acf_changed":false,"footnotes":""},"categories":[7,4,6],"tags":[],"acf":[],"_links":{"self":[{"href":"https:\/\/comitati.fisi.org\/friuli-venezia-giulia\/wp-json\/wp\/v2\/posts\/123052"}],"collection":[{"href":"https:\/\/comitati.fisi.org\/friuli-venezia-giulia\/wp-json\/wp\/v2\/posts"}],"about":[{"href":"https:\/\/comitati.fisi.org\/friuli-venezia-giulia\/wp-json\/wp\/v2\/types\/post"}],"author":[{"embeddable":true,"href":"https:\/\/comitati.fisi.org\/friuli-venezia-giulia\/wp-json\/wp\/v2\/users\/14"}],"replies":[{"embeddable":true,"href":"https:\/\/comitati.fisi.org\/friuli-venezia-giulia\/wp-json\/wp\/v2\/comments?post=123052"}],"version-history":[{"count":4,"href":"https:\/\/comitati.fisi.org\/friuli-venezia-giulia\/wp-json\/wp\/v2\/posts\/123052\/revisions"}],"predecessor-version":[{"id":123057,"href":"https:\/\/comitati.fisi.org\/friuli-venezia-giulia\/wp-json\/wp\/v2\/posts\/123052\/revisions\/123057"}],"wp:featuredmedia":[{"embeddable":true,"href":"https:\/\/comitati.fisi.org\/friuli-venezia-giulia\/wp-json\/wp\/v2\/media\/123055"}],"wp:attachment":[{"href":"https:\/\/comitati.fisi.org\/friuli-venezia-giulia\/wp-json\/wp\/v2\/media?parent=123052"}],"wp:term":[{"taxonomy":"category","embeddable":true,"href":"https:\/\/comitati.fisi.org\/friuli-venezia-giulia\/wp-json\/wp\/v2\/categories?post=123052"},{"taxonomy":"post_tag","embeddable":true,"href":"https:\/\/comitati.fisi.org\/friuli-venezia-giulia\/wp-json\/wp\/v2\/tags?post=123052"}],"curies":[{"name":"wp","href":"https:\/\/api.w.org\/{rel}","templated":true}]}}