{"id":122503,"date":"2026-03-18T13:03:31","date_gmt":"2026-03-18T13:03:31","guid":{"rendered":"https:\/\/comitati.fisi.org\/friuli-venezia-giulia\/?p=122503"},"modified":"2026-03-18T13:04:04","modified_gmt":"2026-03-18T13:04:04","slug":"campionati-italiani-universitari-davide-princi-medaglia-doro-nello-slalom","status":"publish","type":"post","link":"https:\/\/comitati.fisi.org\/friuli-venezia-giulia\/blog\/2026\/03\/18\/campionati-italiani-universitari-davide-princi-medaglia-doro-nello-slalom\/","title":{"rendered":"Campionati Italiani Universitari, Davide Princi medaglia d&#8217;oro nello slalom"},"content":{"rendered":"\n<p>Davide Princi, ha vinto il titolo dello slalom ai Campionati Italiani Universitari in Val di Zoldo (BL)<\/p>\n\n\n\n<p>Il ventenne studente dell&#8217;Universit\u00e0 Telematica Pegaso, esponente della squadra FISI FVG, tesserato con lo Sci CAI Monte Lussari e seguito dagli allenatore del liceo Bachmanna di Tarvisio, \u00e8 giunto secondo nella prova Open, a 0&#8243;19 dal vincitore Andrea Scacchi (studente delle scuole superiori) e quindi \u00e8 salito sul gradino pi\u00f9 alto del podio degli Universitari (<strong><em>nella foto di apertura<\/em><\/strong>). Quinto posto Open per Mattias Piller Cottrer dello Sci Club Sappada.<\/p>\n\n\n\n<p>Podio universitario anche per Giulia Mizzau del NHOA Tarvisio, che conquista l&#8217;argento. Nella gara Open ha chiuso nona (vittoria di Beatrice Mazzoleni), con Beatrice Jakominic dello Sci Club 70 undicesima.<\/p>\n\n\n\n<figure class=\"wp-block-image size-full\"><img loading=\"lazy\" decoding=\"async\" width=\"1015\" height=\"914\" src=\"https:\/\/comitati.fisi.org\/friuli-venezia-giulia\/wp-content\/uploads\/sites\/34\/2026\/03\/e32rtt3434.jpeg\" alt=\"\" class=\"wp-image-122504\" srcset=\"https:\/\/comitati.fisi.org\/friuli-venezia-giulia\/wp-content\/uploads\/sites\/34\/2026\/03\/e32rtt3434.jpeg 1015w, https:\/\/comitati.fisi.org\/friuli-venezia-giulia\/wp-content\/uploads\/sites\/34\/2026\/03\/e32rtt3434-300x270.jpeg 300w, https:\/\/comitati.fisi.org\/friuli-venezia-giulia\/wp-content\/uploads\/sites\/34\/2026\/03\/e32rtt3434-768x692.jpeg 768w\" sizes=\"(max-width: 1015px) 100vw, 1015px\" \/><figcaption class=\"wp-element-caption\"><strong>GIULIA MIZZAU SUL SECONDO GRADINO DEL PODIO<\/strong><\/figcaption><\/figure>\n\n\n\n<p><a href=\"https:\/\/www.fis-ski.com\/DB\/general\/event-details.html?sectorcode=AL&amp;eventid=62648&amp;seasoncode=2026\" data-type=\"link\" data-id=\"https:\/\/www.fis-ski.com\/DB\/general\/event-details.html?sectorcode=AL&amp;eventid=62648&amp;seasoncode=2026\">CLASSIFICHE<\/a><\/p>\n\n\n\n<p><\/p>\n","protected":false},"excerpt":{"rendered":"<p>Tra le donne secondo posto per Giulia Mizzau<\/p>\n","protected":false},"author":14,"featured_media":122506,"comment_status":"open","ping_status":"open","sticky":false,"template":"","format":"standard","meta":{"_acf_changed":false,"footnotes":""},"categories":[7,6,8],"tags":[],"acf":[],"_links":{"self":[{"href":"https:\/\/comitati.fisi.org\/friuli-venezia-giulia\/wp-json\/wp\/v2\/posts\/122503"}],"collection":[{"href":"https:\/\/comitati.fisi.org\/friuli-venezia-giulia\/wp-json\/wp\/v2\/posts"}],"about":[{"href":"https:\/\/comitati.fisi.org\/friuli-venezia-giulia\/wp-json\/wp\/v2\/types\/post"}],"author":[{"embeddable":true,"href":"https:\/\/comitati.fisi.org\/friuli-venezia-giulia\/wp-json\/wp\/v2\/users\/14"}],"replies":[{"embeddable":true,"href":"https:\/\/comitati.fisi.org\/friuli-venezia-giulia\/wp-json\/wp\/v2\/comments?post=122503"}],"version-history":[{"count":3,"href":"https:\/\/comitati.fisi.org\/friuli-venezia-giulia\/wp-json\/wp\/v2\/posts\/122503\/revisions"}],"predecessor-version":[{"id":122515,"href":"https:\/\/comitati.fisi.org\/friuli-venezia-giulia\/wp-json\/wp\/v2\/posts\/122503\/revisions\/122515"}],"wp:featuredmedia":[{"embeddable":true,"href":"https:\/\/comitati.fisi.org\/friuli-venezia-giulia\/wp-json\/wp\/v2\/media\/122506"}],"wp:attachment":[{"href":"https:\/\/comitati.fisi.org\/friuli-venezia-giulia\/wp-json\/wp\/v2\/media?parent=122503"}],"wp:term":[{"taxonomy":"category","embeddable":true,"href":"https:\/\/comitati.fisi.org\/friuli-venezia-giulia\/wp-json\/wp\/v2\/categories?post=122503"},{"taxonomy":"post_tag","embeddable":true,"href":"https:\/\/comitati.fisi.org\/friuli-venezia-giulia\/wp-json\/wp\/v2\/tags?post=122503"}],"curies":[{"name":"wp","href":"https:\/\/api.w.org\/{rel}","templated":true}]}}