{"id":122402,"date":"2026-03-14T16:07:53","date_gmt":"2026-03-14T16:07:53","guid":{"rendered":"https:\/\/comitati.fisi.org\/friuli-venezia-giulia\/?p=122402"},"modified":"2026-03-14T16:51:58","modified_gmt":"2026-03-14T16:51:58","slug":"lisa-vittozzi-trionfa-nellinseguimento-di-coppa-del-mondo","status":"publish","type":"post","link":"https:\/\/comitati.fisi.org\/friuli-venezia-giulia\/blog\/2026\/03\/14\/lisa-vittozzi-trionfa-nellinseguimento-di-coppa-del-mondo\/","title":{"rendered":"LISA VITTOZZI TRIONFA NELL&#8217;INSEGUIMENTO DI COPPA DEL MONDO!!!"},"content":{"rendered":"\n<p>Dopo il titolo olimpico, anche in Coppa del Mondo: Lisa Vittozzi domina l\u2019inseguimento di Otep\u00e4\u00e4 e sulle nevi estoni centra la nona vittoria personale nel massimo circuito, la quinta nella specialit\u00e0 che poche settimane fa ad Anterselva l\u2019ha portata sul trono a cinque cerchi.<\/p>\n\n\n\n<p>Seconda nella sprint di ieri, la sappadina ha fatto gara di testa spalla a spalla con la francese Julia Simon nella prima parte di sfida, con entrambe a commettere un errore nel poligono d\u2019apertura. Passati al tiro in piedi, Vittozzi ha cambiato marcia in piazzola e incurante del vento ha preso progressivamente il largo, limitandosi ad un secondo errore (1-0-0-1), per tagliare il traguardo in 33\u201933\u20337 con un margine di 26\u20332 sulla finlandese Suvi Minkkinen (0-1-0-0) e 26\u20339 sulla leader di Coppa del Mondo Lou Jeanmonnot (0-0-0-1) che si contenderanno ad Holmenkollen la coppa di specialit\u00e0. Ai piedi del podio, ancora Francia con Justine Braisaz Bouchet (1-1-1-0) e Oceane Michelon (0-1-1-1), seguite dal terzetto svedese formato da Gestblom, Heijdenberg e Hanna \u00d6berg.<\/p>\n\n\n\n<p>\u201cOggi c\u2019erano condizioni molto difficili \u2013 ha confessato Vittozzi al termine della gara \u2013 ho provato a fare del mio meglio ed avere la pazienza per prendere tutti i bersagli. Con due errori sono riuscita comunque a vincere e devo dire che \u00e8 stata un\u2019ottima giornata. Otep\u00e4\u00e4 mi piace molto come contesto, un bel pubblico: l\u2019anno prossimo qui si terranno i Campionati del Mondo e le premesse sono davvero interessanti, posso solo auspicarmi che ci siano condizioni pi\u00f9 invernali\u201d.<\/p>\n\n\n\n<p>Minkkinen allunga in testa alla classifica dell\u2019inseguimento e con 362 punti precede di 20 lunghezze Jeanmonnot, terza forza \u00e8 Hanna \u00d6berg (282) tallonata da Lisa Vittozzi (281); Jeanmonnot resta pressoch\u00e8 indisturbata nella generale (1009) davanti alla stessa finlandese (808) e alla svedese Magnusson (739); quinto posto per Lisa Vittozzi che sale a quota 720.<\/p>\n\n\n\n<p>Domani la tappa di Otep\u00e4\u00e4 si completa con le prove miste: alle 12:35 \u00e8 in programma la Single Mixed, seguita alle 14:40 dalla staffetta mista.<\/p>\n\n\n\n<p><\/p>\n","protected":false},"excerpt":{"rendered":"<p>Spettacolare successo della sappadina in Estonia<\/p>\n","protected":false},"author":14,"featured_media":122419,"comment_status":"open","ping_status":"open","sticky":false,"template":"","format":"standard","meta":{"_acf_changed":false,"footnotes":""},"categories":[7,6,8],"tags":[],"acf":[],"_links":{"self":[{"href":"https:\/\/comitati.fisi.org\/friuli-venezia-giulia\/wp-json\/wp\/v2\/posts\/122402"}],"collection":[{"href":"https:\/\/comitati.fisi.org\/friuli-venezia-giulia\/wp-json\/wp\/v2\/posts"}],"about":[{"href":"https:\/\/comitati.fisi.org\/friuli-venezia-giulia\/wp-json\/wp\/v2\/types\/post"}],"author":[{"embeddable":true,"href":"https:\/\/comitati.fisi.org\/friuli-venezia-giulia\/wp-json\/wp\/v2\/users\/14"}],"replies":[{"embeddable":true,"href":"https:\/\/comitati.fisi.org\/friuli-venezia-giulia\/wp-json\/wp\/v2\/comments?post=122402"}],"version-history":[{"count":2,"href":"https:\/\/comitati.fisi.org\/friuli-venezia-giulia\/wp-json\/wp\/v2\/posts\/122402\/revisions"}],"predecessor-version":[{"id":122416,"href":"https:\/\/comitati.fisi.org\/friuli-venezia-giulia\/wp-json\/wp\/v2\/posts\/122402\/revisions\/122416"}],"wp:featuredmedia":[{"embeddable":true,"href":"https:\/\/comitati.fisi.org\/friuli-venezia-giulia\/wp-json\/wp\/v2\/media\/122419"}],"wp:attachment":[{"href":"https:\/\/comitati.fisi.org\/friuli-venezia-giulia\/wp-json\/wp\/v2\/media?parent=122402"}],"wp:term":[{"taxonomy":"category","embeddable":true,"href":"https:\/\/comitati.fisi.org\/friuli-venezia-giulia\/wp-json\/wp\/v2\/categories?post=122402"},{"taxonomy":"post_tag","embeddable":true,"href":"https:\/\/comitati.fisi.org\/friuli-venezia-giulia\/wp-json\/wp\/v2\/tags?post=122402"}],"curies":[{"name":"wp","href":"https:\/\/api.w.org\/{rel}","templated":true}]}}