{"id":122360,"date":"2026-03-15T13:42:40","date_gmt":"2026-03-15T13:42:40","guid":{"rendered":"https:\/\/comitati.fisi.org\/friuli-venezia-giulia\/?p=122360"},"modified":"2026-03-15T13:45:12","modified_gmt":"2026-03-15T13:45:12","slug":"campionati-italiani-biathlon-a-forni-avoltri-maya-pivodori-bronzo-juniores-nellindividuale","status":"publish","type":"post","link":"https:\/\/comitati.fisi.org\/friuli-venezia-giulia\/blog\/2026\/03\/15\/campionati-italiani-biathlon-a-forni-avoltri-maya-pivodori-bronzo-juniores-nellindividuale\/","title":{"rendered":"Campionati Italiani di biathlon a Forni Avoltri, Maya Pividori bronzo Juniores nell&#8217;Individuale"},"content":{"rendered":"\n<p>Seconda e ultima giornata alla Carnia Arena di Forni Avoltri, dove ASD Monte Coglians e Sci CAI Trieste propongono i Campionati Italiani di biathlon Junior\/U21, Giovani\/U19 e Aspiranti\/U17 e la Coppa Italia Fiocchi per i Senior.<br>Oggi per tutti era in programma il format individuale (quello che prevede non un giro di penalit\u00e0 ad ogni bersaglio mancato ma un appesantimento del tempo).<br>Gara che \u00e8 iniziata con la pioggia ed \u00e8 finita con il sole. Una medaglia FVG \u00e8 arrivata con Maya Pividori (<strong><em>nella foto<\/em><\/strong>), bronzo nelle Juniores.<br>Questi tutti i piazzamenti degli atleti FVG.<\/p>\n\n\n\n<p><strong>CAMPIONATI ITALIANI<\/strong><br><br><strong>U17 Aspiranti &#8211; Maschile<\/strong>: 19\u00b0 Andrea Zambelli Domelin (ASD Camosci) 34&#8217;35.5, 29\u00b0 Luca Colle Wincler (ASD Camosci) 35&#8217;28.1, 33\u00b0 Andrea Nodale (ASD Camosci) 35&#8217;52.4, 36\u00b0 Luca Ceconi (Monte Coglians) 36&#8217;17.0, 37\u00b0 Alberto Zambelli Domelin (ASD Camosci) 36&#8217;30.0, 39\u00b0 Nicholas Clerici (SS Fornese) 36&#8217;44.0, 52\u00b0 Lukas De Monte (SS Fornese) 38&#8217;38.5, 53\u00b0 Giacomo Da Sacco (ASD Camosci) 38&#8217;43.7.<\/p>\n\n\n\n<p><strong>U17 Aspiranti &#8211; Femminile<\/strong>: 16\u00aa Greta Colleselli (Monte Lussari) 33&#8217;33.2, 23\u00aa Elisa Casanova Borca (Monte Coglians) 34&#8217;40.6, 25\u00aa Marta Menia Tamon (ASD Camosci) 34&#8217;47.8, 37\u00aa Marta Del Fabbro (Monte Coglians) 36&#8217;50.2, 43\u00aa Zoe Pividori (Monte Coglians) 38&#8217;02.7, 45\u00aa Greta Romanin (Monte Coglians) 39&#8217;16.8, 53\u00aa Sofia Stoffie (ASD Camosci) 44&#8217;22.2. <\/p>\n\n\n\n<p><strong>U19 Giovani &#8211; Maschile<\/strong>: 10\u00b0 Samuele Degano (Monte Coglians) 51&#8217;04.0, 14\u00b0 Andrea Da Corte Vecchino (Monte Coglians) 51&#8217;27.2, 19\u00b0 Filippo Tach (Monte Coglians) 52&#8217;15.3, 24\u00b0 Manuel Iorio (ASD Camosci) 54&#8217;28.6.<\/p>\n\n\n\n<p><strong>U19 Giovani &#8211; Femminile<\/strong>: 19\u00aa Sara Romanin (SS Fornese) 51&#8217;02.7.<\/p>\n\n\n\n<p><strong>U21 Juniores &#8211; Maschile<\/strong>: 6\u00b0 Marco Iorio (ASD Camosci) 50&#8217;30.5, 9\u00b0 Marco Da Pozzo (SS Fornese) 52&#8217;17.5.<\/p>\n\n\n\n<p><strong>U21 Juniores &#8211; Femminile<\/strong>: 3\u00aa Maya Pividori (GS Fiamme Oro) 43&#8217;24.8, 6\u00aa Sofia Del Fabbro (Monte Coglians) 50&#8217;04.4.<\/p>\n\n\n\n<p><strong>COPPA ITALIA<\/strong><\/p>\n\n\n\n<p><strong>Seniores &#8211; Maschile<\/strong>: 4\u00b0 Alex Perissutti (CS Esercito) 44&#8217;40.8, 5\u00b0 Fabio Piller Cottrer (CS Carabinieri) 48&#8217;48.5, 7\u00b0 Cesare Lozza (GS Fiamme Gialle) 51&#8217;25.2.<\/p>\n\n\n\n<p><strong>Seniores &#8211; Femminile<\/strong>: 1\u00aa Astrid Pl\u00f6sch (CS Esercito) 41&#8217;27.5, 3\u00aa Ilaria Scattolo (CS Esercito) 43&#8217;30.0, 4\u00aa Sara Scattolo (CS Esercito) 44&#8217;19.1.<\/p>\n\n\n\n<div data-wp-interactive=\"core\/file\" class=\"wp-block-file\"><object data-wp-bind--hidden=\"!state.hasPdfPreview\"  class=\"wp-block-file__embed\" data=\"https:\/\/comitati.fisi.org\/friuli-venezia-giulia\/wp-content\/uploads\/sites\/34\/2026\/03\/CLASSIFICA-INDIVIDUALE-ITALIANI-BIATHLON-2026.pdf\" type=\"application\/pdf\" style=\"width:100%;height:600px\" aria-label=\"Incorporamento di CLASSIFICA INDIVIDUALE ITALIANI BIATHLON 2026.\"><\/object><a id=\"wp-block-file--media-0e590518-baaa-4ba0-8acc-1baf4c760701\" href=\"https:\/\/comitati.fisi.org\/friuli-venezia-giulia\/wp-content\/uploads\/sites\/34\/2026\/03\/CLASSIFICA-INDIVIDUALE-ITALIANI-BIATHLON-2026.pdf\">CLASSIFICA INDIVIDUALE ITALIANI BIATHLON 2026<\/a><a href=\"https:\/\/comitati.fisi.org\/friuli-venezia-giulia\/wp-content\/uploads\/sites\/34\/2026\/03\/CLASSIFICA-INDIVIDUALE-ITALIANI-BIATHLON-2026.pdf\" class=\"wp-block-file__button wp-element-button\" download aria-describedby=\"wp-block-file--media-0e590518-baaa-4ba0-8acc-1baf4c760701\">Download<\/a><\/div>\n\n\n\n<p><br><\/p>\n","protected":false},"excerpt":{"rendered":"<p>Ultima giornata di gare a Piani di Luzza<\/p>\n","protected":false},"author":14,"featured_media":116524,"comment_status":"open","ping_status":"open","sticky":false,"template":"","format":"standard","meta":{"_acf_changed":false,"footnotes":""},"categories":[7,5,6],"tags":[],"acf":[],"_links":{"self":[{"href":"https:\/\/comitati.fisi.org\/friuli-venezia-giulia\/wp-json\/wp\/v2\/posts\/122360"}],"collection":[{"href":"https:\/\/comitati.fisi.org\/friuli-venezia-giulia\/wp-json\/wp\/v2\/posts"}],"about":[{"href":"https:\/\/comitati.fisi.org\/friuli-venezia-giulia\/wp-json\/wp\/v2\/types\/post"}],"author":[{"embeddable":true,"href":"https:\/\/comitati.fisi.org\/friuli-venezia-giulia\/wp-json\/wp\/v2\/users\/14"}],"replies":[{"embeddable":true,"href":"https:\/\/comitati.fisi.org\/friuli-venezia-giulia\/wp-json\/wp\/v2\/comments?post=122360"}],"version-history":[{"count":5,"href":"https:\/\/comitati.fisi.org\/friuli-venezia-giulia\/wp-json\/wp\/v2\/posts\/122360\/revisions"}],"predecessor-version":[{"id":122479,"href":"https:\/\/comitati.fisi.org\/friuli-venezia-giulia\/wp-json\/wp\/v2\/posts\/122360\/revisions\/122479"}],"wp:featuredmedia":[{"embeddable":true,"href":"https:\/\/comitati.fisi.org\/friuli-venezia-giulia\/wp-json\/wp\/v2\/media\/116524"}],"wp:attachment":[{"href":"https:\/\/comitati.fisi.org\/friuli-venezia-giulia\/wp-json\/wp\/v2\/media?parent=122360"}],"wp:term":[{"taxonomy":"category","embeddable":true,"href":"https:\/\/comitati.fisi.org\/friuli-venezia-giulia\/wp-json\/wp\/v2\/categories?post=122360"},{"taxonomy":"post_tag","embeddable":true,"href":"https:\/\/comitati.fisi.org\/friuli-venezia-giulia\/wp-json\/wp\/v2\/tags?post=122360"}],"curies":[{"name":"wp","href":"https:\/\/api.w.org\/{rel}","templated":true}]}}