{"id":122347,"date":"2026-03-14T15:05:37","date_gmt":"2026-03-14T15:05:37","guid":{"rendered":"https:\/\/comitati.fisi.org\/friuli-venezia-giulia\/?p=122347"},"modified":"2026-03-14T18:24:56","modified_gmt":"2026-03-14T18:24:56","slug":"campionati-italiani-biathlon-a-forni-avoltri-le-classifiche-della-prima-giornata","status":"publish","type":"post","link":"https:\/\/comitati.fisi.org\/friuli-venezia-giulia\/blog\/2026\/03\/14\/campionati-italiani-biathlon-a-forni-avoltri-le-classifiche-della-prima-giornata\/","title":{"rendered":"Campionati Italiani biathlon a Forni Avoltri, le classifiche della prima giornata"},"content":{"rendered":"\n<p>Prima giornata di gare alla Carnia Arena di Forni Avoltri, dove ASD Monte Coglians e Sci CAI Trieste organizzano i Campionati Italiani di biathlon Junior\/U21, Giovani\/U19 e Aspiranti\/U17, con staffetta oggi e individuale domenica 15.<br>In contemporanea una tappa della Coppa Italia Fiocchi per i Senior, con sprint oggi e individuale domenica.<\/p>\n\n\n\n<p>Nella prova Aspiranti maschile, vinta dalle Alpi Centrali, la squadra A del Friuli Venezia Giulia \u00e8 giunta ottava con Andrea Zambelli Domelin, Andrea Nodale, Alberto Zambelli Domelin, la B ha chiuso dodicesima con Luca Ceconi, Nicholas Clerici, Luca Colle Wincler.<\/p>\n\n\n\n<p>Nelle corrispondente categoria femminile, vinta dalle Alpi Occidentali, quattordicesima la squadra FVG B con Elisa Casanova Borca, Sofia Stoffie e Zoe Pividori, quindicesima la A con Greta Colleselli, Marta Menia Tamon e Greta Romanin.<\/p>\n\n\n\n<p>Nei Giovani maschile, che ha visto un poker dell&#8217;Alto Adige, settimo il FVG A con Samuele Degano, Manuel Iorio e Andrea Da Corte Vecchino, tredicesima la squadra B con Alessandro Marta, Lukas De Monte e Giacomo Da Sacco.<\/p>\n\n\n\n<p>Nella categoria Juniores maschile, vinta dal CS Carabinieri, <strong>bronzo per la squadra FVG con Marco Da Pozzo, Marco Iorio e Filippo Tach.<\/strong><\/p>\n\n\n\n<p>Nelle Juniores, che ha visto il successo delle Fiamme Oro (<strong>con Maya Pividori<\/strong>), quarto posto per Sara Romanin, Marta Del Fabbro e Sofia Del Fabbro.<\/p>\n\n\n\n<p>Nella sprint di Coppa Italia, tripletta FVG nella 7.5 km femminile, con Sara Scattolo che precede Astrid Pl\u00f6sch e la sorella Ilaria Scattolo, mentre nella 10 km maschile Alex Perissutti \u00e8 terzo alle spalle del vincitore Nicol\u00f2 Giraudo e di Felix Ratschiller. Quinto Fabio Piller Cottrer, ottavo Cesare Lozza. <\/p>\n\n\n\n<div data-wp-interactive=\"core\/file\" class=\"wp-block-file\"><object data-wp-bind--hidden=\"!state.hasPdfPreview\"  class=\"wp-block-file__embed\" data=\"https:\/\/comitati.fisi.org\/friuli-venezia-giulia\/wp-content\/uploads\/sites\/34\/2026\/03\/CLASSIFICA-ASPIRANTI.pdf\" type=\"application\/pdf\" style=\"width:100%;height:600px\" aria-label=\"Incorporamento di CLASSIFICA ASPIRANTI.\"><\/object><a id=\"wp-block-file--media-2ea10e0f-f0d8-4a73-9e53-85f3cc6c3b71\" href=\"https:\/\/comitati.fisi.org\/friuli-venezia-giulia\/wp-content\/uploads\/sites\/34\/2026\/03\/CLASSIFICA-ASPIRANTI.pdf\">CLASSIFICA ASPIRANTI<\/a><a href=\"https:\/\/comitati.fisi.org\/friuli-venezia-giulia\/wp-content\/uploads\/sites\/34\/2026\/03\/CLASSIFICA-ASPIRANTI.pdf\" class=\"wp-block-file__button wp-element-button\" download aria-describedby=\"wp-block-file--media-2ea10e0f-f0d8-4a73-9e53-85f3cc6c3b71\">Download<\/a><\/div>\n\n\n\n<div data-wp-interactive=\"core\/file\" class=\"wp-block-file\"><object data-wp-bind--hidden=\"!state.hasPdfPreview\"  class=\"wp-block-file__embed\" data=\"https:\/\/comitati.fisi.org\/friuli-venezia-giulia\/wp-content\/uploads\/sites\/34\/2026\/03\/CLASSIFICA-JUNIOR-GIOVANI.pdf\" type=\"application\/pdf\" style=\"width:100%;height:600px\" aria-label=\"Incorporamento di CLASSIFICA JUNIOR GIOVANI.\"><\/object><a id=\"wp-block-file--media-12e60253-d488-467e-8c55-50d53bb0d8b9\" href=\"https:\/\/comitati.fisi.org\/friuli-venezia-giulia\/wp-content\/uploads\/sites\/34\/2026\/03\/CLASSIFICA-JUNIOR-GIOVANI.pdf\">CLASSIFICA JUNIOR GIOVANI<\/a><a href=\"https:\/\/comitati.fisi.org\/friuli-venezia-giulia\/wp-content\/uploads\/sites\/34\/2026\/03\/CLASSIFICA-JUNIOR-GIOVANI.pdf\" class=\"wp-block-file__button wp-element-button\" download aria-describedby=\"wp-block-file--media-12e60253-d488-467e-8c55-50d53bb0d8b9\">Download<\/a><\/div>\n\n\n\n<div data-wp-interactive=\"core\/file\" class=\"wp-block-file\"><object data-wp-bind--hidden=\"!state.hasPdfPreview\"  class=\"wp-block-file__embed\" data=\"https:\/\/comitati.fisi.org\/friuli-venezia-giulia\/wp-content\/uploads\/sites\/34\/2026\/03\/CLASSIFICA-SENIOR.pdf\" type=\"application\/pdf\" style=\"width:100%;height:600px\" aria-label=\"Incorporamento di CLASSIFICA SENIOR.\"><\/object><a id=\"wp-block-file--media-cb8bba0f-153a-4c46-81b1-0f95b6741d9a\" href=\"https:\/\/comitati.fisi.org\/friuli-venezia-giulia\/wp-content\/uploads\/sites\/34\/2026\/03\/CLASSIFICA-SENIOR.pdf\">CLASSIFICA SENIOR<\/a><a href=\"https:\/\/comitati.fisi.org\/friuli-venezia-giulia\/wp-content\/uploads\/sites\/34\/2026\/03\/CLASSIFICA-SENIOR.pdf\" class=\"wp-block-file__button wp-element-button\" download aria-describedby=\"wp-block-file--media-cb8bba0f-153a-4c46-81b1-0f95b6741d9a\">Download<\/a><\/div>\n\n\n\n<div data-wp-interactive=\"core\/file\" class=\"wp-block-file\"><object data-wp-bind--hidden=\"!state.hasPdfPreview\"  class=\"wp-block-file__embed\" data=\"https:\/\/comitati.fisi.org\/friuli-venezia-giulia\/wp-content\/uploads\/sites\/34\/2026\/03\/OdP-tutte-le-categorie.pdf\" type=\"application\/pdf\" style=\"width:100%;height:600px\" aria-label=\"Incorporamento di START LIST INDIVIDUALE.\"><\/object><a id=\"wp-block-file--media-bd02a609-57cf-4642-9e7f-5299131fa4f5\" href=\"https:\/\/comitati.fisi.org\/friuli-venezia-giulia\/wp-content\/uploads\/sites\/34\/2026\/03\/OdP-tutte-le-categorie.pdf\">START LIST INDIVIDUALE<\/a><a href=\"https:\/\/comitati.fisi.org\/friuli-venezia-giulia\/wp-content\/uploads\/sites\/34\/2026\/03\/OdP-tutte-le-categorie.pdf\" class=\"wp-block-file__button wp-element-button\" download aria-describedby=\"wp-block-file--media-bd02a609-57cf-4642-9e7f-5299131fa4f5\">Download<\/a><\/div>\n\n\n\n<div data-wp-interactive=\"core\/file\" class=\"wp-block-file\"><object data-wp-bind--hidden=\"!state.hasPdfPreview\"  class=\"wp-block-file__embed\" data=\"https:\/\/comitati.fisi.org\/friuli-venezia-giulia\/wp-content\/uploads\/sites\/34\/2026\/03\/Info-Individuale.pdf\" type=\"application\/pdf\" style=\"width:100%;height:600px\" aria-label=\"Incorporamento di INFO INDIVIDUALE .\"><\/object><a id=\"wp-block-file--media-d2350e2c-056d-4715-8077-1de5bde41a14\" href=\"https:\/\/comitati.fisi.org\/friuli-venezia-giulia\/wp-content\/uploads\/sites\/34\/2026\/03\/Info-Individuale.pdf\">INFO INDIVIDUALE <\/a><a href=\"https:\/\/comitati.fisi.org\/friuli-venezia-giulia\/wp-content\/uploads\/sites\/34\/2026\/03\/Info-Individuale.pdf\" class=\"wp-block-file__button wp-element-button\" download aria-describedby=\"wp-block-file--media-d2350e2c-056d-4715-8077-1de5bde41a14\">Download<\/a><\/div>\n\n\n\n<p><strong><em>(nella foto Marco Da Pozzo)<\/em><\/strong><\/p>\n","protected":false},"excerpt":{"rendered":"<p>Bronzo per il terzetto FVG degli Juniores<\/p>\n","protected":false},"author":14,"featured_media":112274,"comment_status":"open","ping_status":"open","sticky":false,"template":"","format":"standard","meta":{"_acf_changed":false,"footnotes":""},"categories":[7,5,6],"tags":[],"acf":[],"_links":{"self":[{"href":"https:\/\/comitati.fisi.org\/friuli-venezia-giulia\/wp-json\/wp\/v2\/posts\/122347"}],"collection":[{"href":"https:\/\/comitati.fisi.org\/friuli-venezia-giulia\/wp-json\/wp\/v2\/posts"}],"about":[{"href":"https:\/\/comitati.fisi.org\/friuli-venezia-giulia\/wp-json\/wp\/v2\/types\/post"}],"author":[{"embeddable":true,"href":"https:\/\/comitati.fisi.org\/friuli-venezia-giulia\/wp-json\/wp\/v2\/users\/14"}],"replies":[{"embeddable":true,"href":"https:\/\/comitati.fisi.org\/friuli-venezia-giulia\/wp-json\/wp\/v2\/comments?post=122347"}],"version-history":[{"count":6,"href":"https:\/\/comitati.fisi.org\/friuli-venezia-giulia\/wp-json\/wp\/v2\/posts\/122347\/revisions"}],"predecessor-version":[{"id":122431,"href":"https:\/\/comitati.fisi.org\/friuli-venezia-giulia\/wp-json\/wp\/v2\/posts\/122347\/revisions\/122431"}],"wp:featuredmedia":[{"embeddable":true,"href":"https:\/\/comitati.fisi.org\/friuli-venezia-giulia\/wp-json\/wp\/v2\/media\/112274"}],"wp:attachment":[{"href":"https:\/\/comitati.fisi.org\/friuli-venezia-giulia\/wp-json\/wp\/v2\/media?parent=122347"}],"wp:term":[{"taxonomy":"category","embeddable":true,"href":"https:\/\/comitati.fisi.org\/friuli-venezia-giulia\/wp-json\/wp\/v2\/categories?post=122347"},{"taxonomy":"post_tag","embeddable":true,"href":"https:\/\/comitati.fisi.org\/friuli-venezia-giulia\/wp-json\/wp\/v2\/tags?post=122347"}],"curies":[{"name":"wp","href":"https:\/\/api.w.org\/{rel}","templated":true}]}}