{"id":122323,"date":"2026-03-13T14:30:05","date_gmt":"2026-03-13T14:30:05","guid":{"rendered":"https:\/\/comitati.fisi.org\/friuli-venezia-giulia\/?p=122323"},"modified":"2026-03-13T15:50:09","modified_gmt":"2026-03-13T15:50:09","slug":"lisa-vittozzi-seconda-nella-sprint-di-coppa-del-mondo-di-otepaa","status":"publish","type":"post","link":"https:\/\/comitati.fisi.org\/friuli-venezia-giulia\/blog\/2026\/03\/13\/lisa-vittozzi-seconda-nella-sprint-di-coppa-del-mondo-di-otepaa\/","title":{"rendered":"LISA VITTOZZI SECONDA NELLA SPRINT DI COPPA DEL MONDO DI OTEP\u00c4\u00c4!"},"content":{"rendered":"\n<p>Diciottesimo podio stagionale per l\u2019Italia in Coppa del mondo grazie al secondo posto di Lisa Vittozzi nella sprint femminile di Otep\u00e4\u00e4! La campionessa olimpica dell&#8217;inseguimento si \u00e8 piazzata a soli 2\u20339 dalla francese Julia Simon, impostasi in 21\u201929\u20335. le due protagoniste di giornata hanno chiuso le due serie al tiro senza errori, controllando un vento fastidioso, che continuava a girare rendendo difficili le condizioni al poligono. Per Vittozzi si tratta del quarto podio dell\u2019anno in una competizione individuale (ottavo complessivo), che conferma l\u2019ottima condizione mostrata dalla 31enne di Sappada lungo tutta la stagione del rientro e la mette in una posizione invitante in vista dell&#8217;inseguimento di sabato 14 marzo alle 16. Completa il podio di giornata Lou Jeanmonnot, terza a 22\u20339 e brava a scavalcare nelle battute finali la tedesca Janina Hettich-Walz, quarta a 24\u20336.<\/p>\n\n\n\n<p>\u201cSono soddisfatta della mia prestazione \u2013 racconta  Lisa-. Sono partita molto bene, ero un po\u2019 preoccupata per il poligono perch\u00e9 ho fatto fatica ad azzerare a causa del vento, per\u00f2 ho visto che davanti a me sparavano tutto bene e mi sono tranquillizzata, lavorando su ogni colpo. Oggi era necessario gestire il poligono. Arrivo alle ultime gare dell\u2019anno ancora in forma, dopo le Olimpiadi sono state settimane intense, ma sono rimasta concentrata, pensando a riposare per finire bene la stagione. Sinceramente la classifica generale non \u00e8 mai stata il mio obiettivo, non penso al podio e se finisco nelle cinque posso essere contenta, anche perch\u00e9 ho saltato tre gare a gennaio per rifinire la preparazione olimpica e quelli sono punti pesanti che mancano\u201d.<\/p>\n\n\n\n<p>In classifica generale Jeanmonnot allunga a quota 944 contro i 733 di Minkkinen, Vittozzi sale a quota 630 in sesta posizione. <\/p>\n","protected":false},"excerpt":{"rendered":"<p>Grande prova della campionessa olimpica sappadina in Estonia<\/p>\n","protected":false},"author":14,"featured_media":120857,"comment_status":"open","ping_status":"open","sticky":false,"template":"","format":"standard","meta":{"_acf_changed":false,"footnotes":""},"categories":[7,6,8],"tags":[],"acf":[],"_links":{"self":[{"href":"https:\/\/comitati.fisi.org\/friuli-venezia-giulia\/wp-json\/wp\/v2\/posts\/122323"}],"collection":[{"href":"https:\/\/comitati.fisi.org\/friuli-venezia-giulia\/wp-json\/wp\/v2\/posts"}],"about":[{"href":"https:\/\/comitati.fisi.org\/friuli-venezia-giulia\/wp-json\/wp\/v2\/types\/post"}],"author":[{"embeddable":true,"href":"https:\/\/comitati.fisi.org\/friuli-venezia-giulia\/wp-json\/wp\/v2\/users\/14"}],"replies":[{"embeddable":true,"href":"https:\/\/comitati.fisi.org\/friuli-venezia-giulia\/wp-json\/wp\/v2\/comments?post=122323"}],"version-history":[{"count":4,"href":"https:\/\/comitati.fisi.org\/friuli-venezia-giulia\/wp-json\/wp\/v2\/posts\/122323\/revisions"}],"predecessor-version":[{"id":122329,"href":"https:\/\/comitati.fisi.org\/friuli-venezia-giulia\/wp-json\/wp\/v2\/posts\/122323\/revisions\/122329"}],"wp:featuredmedia":[{"embeddable":true,"href":"https:\/\/comitati.fisi.org\/friuli-venezia-giulia\/wp-json\/wp\/v2\/media\/120857"}],"wp:attachment":[{"href":"https:\/\/comitati.fisi.org\/friuli-venezia-giulia\/wp-json\/wp\/v2\/media?parent=122323"}],"wp:term":[{"taxonomy":"category","embeddable":true,"href":"https:\/\/comitati.fisi.org\/friuli-venezia-giulia\/wp-json\/wp\/v2\/categories?post=122323"},{"taxonomy":"post_tag","embeddable":true,"href":"https:\/\/comitati.fisi.org\/friuli-venezia-giulia\/wp-json\/wp\/v2\/tags?post=122323"}],"curies":[{"name":"wp","href":"https:\/\/api.w.org\/{rel}","templated":true}]}}