{"id":122252,"date":"2026-03-12T15:12:24","date_gmt":"2026-03-12T15:12:24","guid":{"rendered":"https:\/\/comitati.fisi.org\/friuli-venezia-giulia\/?p=122252"},"modified":"2026-03-12T18:00:01","modified_gmt":"2026-03-12T18:00:01","slug":"ilaria-billiani-e-sofia-brenelli-sul-podio-dello-slalom-fis-njr-di-piancavallo","status":"publish","type":"post","link":"https:\/\/comitati.fisi.org\/friuli-venezia-giulia\/blog\/2026\/03\/12\/ilaria-billiani-e-sofia-brenelli-sul-podio-dello-slalom-fis-njr-di-piancavallo\/","title":{"rendered":"Ilaria Billiani e Sofia Brenelli sul podio dello slalom FIS NJR di Piancavallo"},"content":{"rendered":"\n<p>Si \u00e8 svolto oggi a Piancavallo il primo dei due slalom FIS NJR organizzati dallo Sci Club Pordenone. In palio la Coppa Brenelli Costruzioni. <\/p>\n\n\n\n<p>Nella prova femminile si \u00e8 imposta Elisa Rech precedendo tre atlete della squadra FISI FVG: seconda a 0&#8243;47 Ilaria Billiani dello Sci Club Monte Dauda (miglior tempo nella seconda manche), terza a 0&#8243;74 Sofia Brenelli dello Sci Club Pordenone (al comando a met\u00e0 gara, quarta a 1&#8243;36 Giulia Mizzau del Tarvisio Racing Team.<\/p>\n\n\n\n<p>Tra i maschi lo spagnolo Lluc De Castellarnau Rabella bissa il successo di ieri nella FIS CIT, precedendo di 0&#8243;63 l&#8217;austriaco Magnus Fischer e di 0&#8243;70 la coppia formata da Andrea Salvati e dal tedesco Maximilian Kaltenhaeuser. Il migliore dei FISI FVG \u00e8 stato Federico Silvestrin dello Sci CAI Monte Lussari, decimo, con i compagni di squadra Leonardo Pessot dodicesimo (miglior tempo nella seconda manche, con otto posizioni guadagnate) e Gaetano Cantalupo sedicesimo (+12 grazie al terzo tempo parziale). Tra i lussarini si inserisce Christian Taucer dello SK Devin, quindicesimo.<\/p>\n\n\n\n<p>Venerd\u00ec si disputer\u00e0 un altro slalom, che assegner\u00e0 la Coppa Comec. Le start sono disponibili sotto alle classifiche.<\/p>\n\n\n\n<div data-wp-interactive=\"core\/file\" class=\"wp-block-file\"><object data-wp-bind--hidden=\"!state.hasPdfPreview\"  class=\"wp-block-file__embed\" data=\"https:\/\/comitati.fisi.org\/friuli-venezia-giulia\/wp-content\/uploads\/sites\/34\/2026\/03\/Classifica-ufficialemen.pdf\" type=\"application\/pdf\" style=\"width:100%;height:600px\" aria-label=\"Incorporamento di CLASSIFICA SL DONNE 120326.\"><\/object><a id=\"wp-block-file--media-00c98daf-7dfa-4373-9a04-1f0f3a78b879\" href=\"https:\/\/comitati.fisi.org\/friuli-venezia-giulia\/wp-content\/uploads\/sites\/34\/2026\/03\/Classifica-ufficialemen.pdf\">CLASSIFICA SL DONNE 120326<\/a><a href=\"https:\/\/comitati.fisi.org\/friuli-venezia-giulia\/wp-content\/uploads\/sites\/34\/2026\/03\/Classifica-ufficialemen.pdf\" class=\"wp-block-file__button wp-element-button\" download aria-describedby=\"wp-block-file--media-00c98daf-7dfa-4373-9a04-1f0f3a78b879\">Download<\/a><\/div>\n\n\n\n<div data-wp-interactive=\"core\/file\" class=\"wp-block-file\"><object data-wp-bind--hidden=\"!state.hasPdfPreview\"  class=\"wp-block-file__embed\" data=\"https:\/\/comitati.fisi.org\/friuli-venezia-giulia\/wp-content\/uploads\/sites\/34\/2026\/03\/Classifica-ufficialewomen.pdf\" type=\"application\/pdf\" style=\"width:100%;height:600px\" aria-label=\"Incorporamento di CLASSIFICA SL DONNE 120326.\"><\/object><a id=\"wp-block-file--media-95ac1aff-22ba-4a8b-8b39-740998ba2a42\" href=\"https:\/\/comitati.fisi.org\/friuli-venezia-giulia\/wp-content\/uploads\/sites\/34\/2026\/03\/Classifica-ufficialewomen.pdf\">CLASSIFICA SL DONNE 120326<\/a><a href=\"https:\/\/comitati.fisi.org\/friuli-venezia-giulia\/wp-content\/uploads\/sites\/34\/2026\/03\/Classifica-ufficialewomen.pdf\" class=\"wp-block-file__button wp-element-button\" download aria-describedby=\"wp-block-file--media-95ac1aff-22ba-4a8b-8b39-740998ba2a42\">Download<\/a><\/div>\n\n\n\n<div data-wp-interactive=\"core\/file\" class=\"wp-block-file\"><object data-wp-bind--hidden=\"!state.hasPdfPreview\"  class=\"wp-block-file__embed\" data=\"https:\/\/comitati.fisi.org\/friuli-venezia-giulia\/wp-content\/uploads\/sites\/34\/2026\/03\/START-LIST-NR-140326.pdf\" type=\"application\/pdf\" style=\"width:100%;height:600px\" aria-label=\"Incorporamento di START LIST NjR 140326.\"><\/object><a id=\"wp-block-file--media-eb69ef9f-f75b-4fa4-a6c0-c0cbcf582c40\" href=\"https:\/\/comitati.fisi.org\/friuli-venezia-giulia\/wp-content\/uploads\/sites\/34\/2026\/03\/START-LIST-NR-140326.pdf\">START LIST NjR 140326<\/a><a href=\"https:\/\/comitati.fisi.org\/friuli-venezia-giulia\/wp-content\/uploads\/sites\/34\/2026\/03\/START-LIST-NR-140326.pdf\" class=\"wp-block-file__button wp-element-button\" download aria-describedby=\"wp-block-file--media-eb69ef9f-f75b-4fa4-a6c0-c0cbcf582c40\">Download<\/a><\/div>\n\n\n\n<p><strong><em>(nella foto Ilaria Billiani)<\/em><\/strong><\/p>\n\n\n\n<p><\/p>\n","protected":false},"excerpt":{"rendered":"<p>Proseguono le gare internazionali organizzate dallo Sci Club Pordenone<\/p>\n","protected":false},"author":14,"featured_media":122273,"comment_status":"open","ping_status":"open","sticky":false,"template":"","format":"standard","meta":{"_acf_changed":false,"footnotes":""},"categories":[7,5,6],"tags":[],"acf":[],"_links":{"self":[{"href":"https:\/\/comitati.fisi.org\/friuli-venezia-giulia\/wp-json\/wp\/v2\/posts\/122252"}],"collection":[{"href":"https:\/\/comitati.fisi.org\/friuli-venezia-giulia\/wp-json\/wp\/v2\/posts"}],"about":[{"href":"https:\/\/comitati.fisi.org\/friuli-venezia-giulia\/wp-json\/wp\/v2\/types\/post"}],"author":[{"embeddable":true,"href":"https:\/\/comitati.fisi.org\/friuli-venezia-giulia\/wp-json\/wp\/v2\/users\/14"}],"replies":[{"embeddable":true,"href":"https:\/\/comitati.fisi.org\/friuli-venezia-giulia\/wp-json\/wp\/v2\/comments?post=122252"}],"version-history":[{"count":5,"href":"https:\/\/comitati.fisi.org\/friuli-venezia-giulia\/wp-json\/wp\/v2\/posts\/122252\/revisions"}],"predecessor-version":[{"id":122285,"href":"https:\/\/comitati.fisi.org\/friuli-venezia-giulia\/wp-json\/wp\/v2\/posts\/122252\/revisions\/122285"}],"wp:featuredmedia":[{"embeddable":true,"href":"https:\/\/comitati.fisi.org\/friuli-venezia-giulia\/wp-json\/wp\/v2\/media\/122273"}],"wp:attachment":[{"href":"https:\/\/comitati.fisi.org\/friuli-venezia-giulia\/wp-json\/wp\/v2\/media?parent=122252"}],"wp:term":[{"taxonomy":"category","embeddable":true,"href":"https:\/\/comitati.fisi.org\/friuli-venezia-giulia\/wp-json\/wp\/v2\/categories?post=122252"},{"taxonomy":"post_tag","embeddable":true,"href":"https:\/\/comitati.fisi.org\/friuli-venezia-giulia\/wp-json\/wp\/v2\/tags?post=122252"}],"curies":[{"name":"wp","href":"https:\/\/api.w.org\/{rel}","templated":true}]}}