{"id":122174,"date":"2026-03-08T17:02:51","date_gmt":"2026-03-08T17:02:51","guid":{"rendered":"https:\/\/comitati.fisi.org\/friuli-venezia-giulia\/?p=122174"},"modified":"2026-03-09T12:37:50","modified_gmt":"2026-03-09T12:37:50","slug":"gare-fis-piancavallo-modifiche-programma-e-scadenza-iscrizioni","status":"publish","type":"post","link":"https:\/\/comitati.fisi.org\/friuli-venezia-giulia\/blog\/2026\/03\/08\/gare-fis-piancavallo-modifiche-programma-e-scadenza-iscrizioni\/","title":{"rendered":"Gare FIS Piancavallo: modifiche Programma e scadenza iscrizioni"},"content":{"rendered":"\n<p>Ci sono delle novit\u00e0 per quanto riguarda le gare FIS in programma la prossima settimana a Piancavallo e organizzate dallo Sci Club Pordenone.<br>In particolare non ci saranno gli slalom NJR previsti mercoled\u00ec 11 e gioved\u00ec 12 marzo, bens\u00ec uno slalom CIT mercoled\u00ec 11, <strong>CON ISCRIZIONI CHE SCADONO ALLE 23.59 DI OGGI, DOMENICA 8 MARZO.<\/strong> In palio il &#8220;Trofeo Suzuki&#8221;.<\/p>\n\n\n\n<p>Restano confermati, invece, gli slalom FIS NJR, anticipati per\u00f2 di un giorno (ovvero gioved\u00ec 12 e venerd\u00ec 13), con in palio la &#8220;Coppa Brenelli Costruzioni&#8221; e la &#8220;Coppa Comec&#8221;.<\/p>\n\n\n\n<p>Sotto i Programmi aggiornati.<\/p>\n\n\n\n<figure class=\"wp-block-image size-large\"><img loading=\"lazy\" decoding=\"async\" width=\"724\" height=\"1024\" src=\"https:\/\/comitati.fisi.org\/friuli-venezia-giulia\/wp-content\/uploads\/sites\/34\/2026\/03\/TROFEO-SUZUKI-4-724x1024.jpg\" alt=\"\" class=\"wp-image-122212\" srcset=\"https:\/\/comitati.fisi.org\/friuli-venezia-giulia\/wp-content\/uploads\/sites\/34\/2026\/03\/TROFEO-SUZUKI-4-724x1024.jpg 724w, https:\/\/comitati.fisi.org\/friuli-venezia-giulia\/wp-content\/uploads\/sites\/34\/2026\/03\/TROFEO-SUZUKI-4-212x300.jpg 212w, https:\/\/comitati.fisi.org\/friuli-venezia-giulia\/wp-content\/uploads\/sites\/34\/2026\/03\/TROFEO-SUZUKI-4-768x1086.jpg 768w, https:\/\/comitati.fisi.org\/friuli-venezia-giulia\/wp-content\/uploads\/sites\/34\/2026\/03\/TROFEO-SUZUKI-4-1086x1536.jpg 1086w, https:\/\/comitati.fisi.org\/friuli-venezia-giulia\/wp-content\/uploads\/sites\/34\/2026\/03\/TROFEO-SUZUKI-4.jpg 1414w\" sizes=\"(max-width: 724px) 100vw, 724px\" \/><\/figure>\n\n\n\n<figure class=\"wp-block-image size-large\"><img loading=\"lazy\" decoding=\"async\" width=\"724\" height=\"1024\" src=\"https:\/\/comitati.fisi.org\/friuli-venezia-giulia\/wp-content\/uploads\/sites\/34\/2026\/03\/12-e-13-marzo-2026-5-724x1024.jpg\" alt=\"\" class=\"wp-image-122210\" srcset=\"https:\/\/comitati.fisi.org\/friuli-venezia-giulia\/wp-content\/uploads\/sites\/34\/2026\/03\/12-e-13-marzo-2026-5-724x1024.jpg 724w, https:\/\/comitati.fisi.org\/friuli-venezia-giulia\/wp-content\/uploads\/sites\/34\/2026\/03\/12-e-13-marzo-2026-5-212x300.jpg 212w, https:\/\/comitati.fisi.org\/friuli-venezia-giulia\/wp-content\/uploads\/sites\/34\/2026\/03\/12-e-13-marzo-2026-5-768x1086.jpg 768w, https:\/\/comitati.fisi.org\/friuli-venezia-giulia\/wp-content\/uploads\/sites\/34\/2026\/03\/12-e-13-marzo-2026-5-1086x1536.jpg 1086w, https:\/\/comitati.fisi.org\/friuli-venezia-giulia\/wp-content\/uploads\/sites\/34\/2026\/03\/12-e-13-marzo-2026-5.jpg 1414w\" sizes=\"(max-width: 724px) 100vw, 724px\" \/><\/figure>\n","protected":false},"excerpt":{"rendered":"<p>Per lo slalom FIS CIT di mercoled\u00ec 11 il termine per le iscrizioni \u00e8 fissato alle 23.59 di oggi, domenica 8 marzo<\/p>\n","protected":false},"author":14,"featured_media":121684,"comment_status":"open","ping_status":"open","sticky":false,"template":"","format":"standard","meta":{"_acf_changed":false,"footnotes":""},"categories":[7,6,8],"tags":[],"acf":[],"_links":{"self":[{"href":"https:\/\/comitati.fisi.org\/friuli-venezia-giulia\/wp-json\/wp\/v2\/posts\/122174"}],"collection":[{"href":"https:\/\/comitati.fisi.org\/friuli-venezia-giulia\/wp-json\/wp\/v2\/posts"}],"about":[{"href":"https:\/\/comitati.fisi.org\/friuli-venezia-giulia\/wp-json\/wp\/v2\/types\/post"}],"author":[{"embeddable":true,"href":"https:\/\/comitati.fisi.org\/friuli-venezia-giulia\/wp-json\/wp\/v2\/users\/14"}],"replies":[{"embeddable":true,"href":"https:\/\/comitati.fisi.org\/friuli-venezia-giulia\/wp-json\/wp\/v2\/comments?post=122174"}],"version-history":[{"count":5,"href":"https:\/\/comitati.fisi.org\/friuli-venezia-giulia\/wp-json\/wp\/v2\/posts\/122174\/revisions"}],"predecessor-version":[{"id":122213,"href":"https:\/\/comitati.fisi.org\/friuli-venezia-giulia\/wp-json\/wp\/v2\/posts\/122174\/revisions\/122213"}],"wp:featuredmedia":[{"embeddable":true,"href":"https:\/\/comitati.fisi.org\/friuli-venezia-giulia\/wp-json\/wp\/v2\/media\/121684"}],"wp:attachment":[{"href":"https:\/\/comitati.fisi.org\/friuli-venezia-giulia\/wp-json\/wp\/v2\/media?parent=122174"}],"wp:term":[{"taxonomy":"category","embeddable":true,"href":"https:\/\/comitati.fisi.org\/friuli-venezia-giulia\/wp-json\/wp\/v2\/categories?post=122174"},{"taxonomy":"post_tag","embeddable":true,"href":"https:\/\/comitati.fisi.org\/friuli-venezia-giulia\/wp-json\/wp\/v2\/tags?post=122174"}],"curies":[{"name":"wp","href":"https:\/\/api.w.org\/{rel}","templated":true}]}}