{"id":121929,"date":"2026-03-08T09:27:31","date_gmt":"2026-03-08T09:27:31","guid":{"rendered":"https:\/\/comitati.fisi.org\/friuli-venezia-giulia\/?p=121929"},"modified":"2026-03-08T15:25:12","modified_gmt":"2026-03-08T15:25:12","slug":"tinkara-cebulec-e-nicolo-casarsa-sul-podio-dei-cuccioli-nel-pinocchio-nazionale","status":"publish","type":"post","link":"https:\/\/comitati.fisi.org\/friuli-venezia-giulia\/blog\/2026\/03\/08\/tinkara-cebulec-e-nicolo-casarsa-sul-podio-dei-cuccioli-nel-pinocchio-nazionale\/","title":{"rendered":"Tinkara Cebulec e Nicol\u00f2 Casarsa sul podio dei Cuccioli nel Pinocchio nazionale"},"content":{"rendered":"\n<p>Seconda giornata oggi all&#8217;Abetone, in Toscana, per la finale nazionale del Pinocchio sugli Sci,<br><br>Belle notizie per i piccoli sciatori FVG, con Tinkara Cebulec dello SK Brdina, allenata da Ivan Kerpan, che si piazza secondo nella prima gara Cuccioli 2 femminile, vince la seconda prova e conquista il primato nella sommatoria delle due manche (con Mia Pravato dell&#8217;Aldo Moro sedicesima).<br>Soddisfazioni anche nella prova maschile, con Nicol\u00f2 Casarsa dello Sci CAI XXX Ottobre (allenato da Marco Marocco) che si piazza sesto in gara 1 e sale sul podio giungendo secondo in gara 2. Il compagno di squadra Cesare Boldrini ottiene rispettivamente un nono e un quinto posto, mentre Sebastiano Basso dell&#8217;Aldo Moro \u00e8 tredicesimo e ottavo. Nella somma dei tempi Nicol\u00f2 \u00e8 terzo, Cesare sesto, Sebastiano nono.<\/p>\n\n\n\n<p>Nelle classifiche ufficiali dei Cuccioli 1 i migliori FISI FVG sono stati Arianna Lattarico dello Sci Club Sappada (22a) e, fra i maschi, Thomas Sudano del Devin (13\u00b0) e Sebastiano Bressan dello Snow Team 5 Cime (16\u00b0).<\/p>\n\n\n\n<p>La finale nazionale Ragazzi\/Allievi si svolger\u00e0 il 24 e 25 marzo.<\/p>\n\n\n\n<div data-wp-interactive=\"core\/file\" class=\"wp-block-file\"><object data-wp-bind--hidden=\"!state.hasPdfPreview\"  class=\"wp-block-file__embed\" data=\"https:\/\/comitati.fisi.org\/friuli-venezia-giulia\/wp-content\/uploads\/sites\/34\/2026\/03\/CLASSICHE-CUCCIOLI-PINOCCHIO-2026.pdf\" type=\"application\/pdf\" style=\"width:100%;height:600px\" aria-label=\"Incorporamento di CLASSIFICHE CUCCIOLI PINOCCHIO 2026.\"><\/object><a id=\"wp-block-file--media-7d973de9-086a-494d-82e1-075c74da0208\" href=\"https:\/\/comitati.fisi.org\/friuli-venezia-giulia\/wp-content\/uploads\/sites\/34\/2026\/03\/CLASSICHE-CUCCIOLI-PINOCCHIO-2026.pdf\">CLASSIFICHE CUCCIOLI PINOCCHIO 2026<\/a><a href=\"https:\/\/comitati.fisi.org\/friuli-venezia-giulia\/wp-content\/uploads\/sites\/34\/2026\/03\/CLASSICHE-CUCCIOLI-PINOCCHIO-2026.pdf\" class=\"wp-block-file__button wp-element-button\" download aria-describedby=\"wp-block-file--media-7d973de9-086a-494d-82e1-075c74da0208\">Download<\/a><\/div>\n","protected":false},"excerpt":{"rendered":"<p>Seconda giornata di gare all&#8217;Abetone<\/p>\n","protected":false},"author":14,"featured_media":122168,"comment_status":"open","ping_status":"open","sticky":false,"template":"","format":"standard","meta":{"_acf_changed":false,"footnotes":""},"categories":[7,5,6],"tags":[],"acf":[],"_links":{"self":[{"href":"https:\/\/comitati.fisi.org\/friuli-venezia-giulia\/wp-json\/wp\/v2\/posts\/121929"}],"collection":[{"href":"https:\/\/comitati.fisi.org\/friuli-venezia-giulia\/wp-json\/wp\/v2\/posts"}],"about":[{"href":"https:\/\/comitati.fisi.org\/friuli-venezia-giulia\/wp-json\/wp\/v2\/types\/post"}],"author":[{"embeddable":true,"href":"https:\/\/comitati.fisi.org\/friuli-venezia-giulia\/wp-json\/wp\/v2\/users\/14"}],"replies":[{"embeddable":true,"href":"https:\/\/comitati.fisi.org\/friuli-venezia-giulia\/wp-json\/wp\/v2\/comments?post=121929"}],"version-history":[{"count":4,"href":"https:\/\/comitati.fisi.org\/friuli-venezia-giulia\/wp-json\/wp\/v2\/posts\/121929\/revisions"}],"predecessor-version":[{"id":122171,"href":"https:\/\/comitati.fisi.org\/friuli-venezia-giulia\/wp-json\/wp\/v2\/posts\/121929\/revisions\/122171"}],"wp:featuredmedia":[{"embeddable":true,"href":"https:\/\/comitati.fisi.org\/friuli-venezia-giulia\/wp-json\/wp\/v2\/media\/122168"}],"wp:attachment":[{"href":"https:\/\/comitati.fisi.org\/friuli-venezia-giulia\/wp-json\/wp\/v2\/media?parent=121929"}],"wp:term":[{"taxonomy":"category","embeddable":true,"href":"https:\/\/comitati.fisi.org\/friuli-venezia-giulia\/wp-json\/wp\/v2\/categories?post=121929"},{"taxonomy":"post_tag","embeddable":true,"href":"https:\/\/comitati.fisi.org\/friuli-venezia-giulia\/wp-json\/wp\/v2\/tags?post=121929"}],"curies":[{"name":"wp","href":"https:\/\/api.w.org\/{rel}","templated":true}]}}