{"id":121850,"date":"2026-03-05T06:21:16","date_gmt":"2026-03-05T06:21:16","guid":{"rendered":"https:\/\/comitati.fisi.org\/friuli-venezia-giulia\/?p=121850"},"modified":"2026-03-05T08:33:34","modified_gmt":"2026-03-05T08:33:34","slug":"a-tarvisio-e-sullo-zoncolan-si-ricordano-tristano-vicario-e-marco-degli-uomini","status":"publish","type":"post","link":"https:\/\/comitati.fisi.org\/friuli-venezia-giulia\/blog\/2026\/03\/05\/a-tarvisio-e-sullo-zoncolan-si-ricordano-tristano-vicario-e-marco-degli-uomini\/","title":{"rendered":"A Tarvisio e sullo Zoncolan si ricordano Tristano Vicario e Marco Degli Uomini"},"content":{"rendered":"\n<p>Due iniziative sono previste domenica 8 marzo nel ricordo di due persone scomparse poco meno di un anno fa, Tristano Vicario e Marco Degli Uomini, lasciando un grande vuoto nel mondo degli sport invernali.<br><br>Sullo Zoncolan ci sar\u00e0 l&#8217;iniziativa &#8220;Per Marco &#8211; Delle Day&#8221;, con ritrovo alle 11 nel piazzale adiacente il gazebo (zona noleggio) e discesa lungo la pista 2, con sosta nei pressi del luogo dell&#8217;incidente. Seguir\u00e0 un momento conviviale. Le offerte durante l&#8217;evento serviranno a promuovere, tramite l&#8217;associazione Marco &#8220;Delle&#8221; Team, progetti sportivi e culturali rivolti alle nuove generazioni.<\/p>\n\n\n\n<p>A Tarvisio, invece, \u00e8 previsto uno slalom gigante sulla pista Priesnig D denominato &#8220;Memorial Tristano Vicario&#8221;. La gara \u00e8 aperta a tutti gli sciatori, dai pi\u00f9 piccoli (nati dal 2018), agli adulti. Al termine della competizione, il Liceo Sportivo Bachmann ospiter\u00e0 un momento conviviale aperto ai partecipanti e alle famiglie.<\/p>\n\n\n\n<p><br><br><\/p>\n","protected":false},"excerpt":{"rendered":"<p>Due iniziative a un anno dalla scomparsa<\/p>\n","protected":false},"author":14,"featured_media":121851,"comment_status":"open","ping_status":"open","sticky":false,"template":"","format":"standard","meta":{"_acf_changed":false,"footnotes":""},"categories":[7,6,8],"tags":[],"acf":[],"_links":{"self":[{"href":"https:\/\/comitati.fisi.org\/friuli-venezia-giulia\/wp-json\/wp\/v2\/posts\/121850"}],"collection":[{"href":"https:\/\/comitati.fisi.org\/friuli-venezia-giulia\/wp-json\/wp\/v2\/posts"}],"about":[{"href":"https:\/\/comitati.fisi.org\/friuli-venezia-giulia\/wp-json\/wp\/v2\/types\/post"}],"author":[{"embeddable":true,"href":"https:\/\/comitati.fisi.org\/friuli-venezia-giulia\/wp-json\/wp\/v2\/users\/14"}],"replies":[{"embeddable":true,"href":"https:\/\/comitati.fisi.org\/friuli-venezia-giulia\/wp-json\/wp\/v2\/comments?post=121850"}],"version-history":[{"count":2,"href":"https:\/\/comitati.fisi.org\/friuli-venezia-giulia\/wp-json\/wp\/v2\/posts\/121850\/revisions"}],"predecessor-version":[{"id":121853,"href":"https:\/\/comitati.fisi.org\/friuli-venezia-giulia\/wp-json\/wp\/v2\/posts\/121850\/revisions\/121853"}],"wp:featuredmedia":[{"embeddable":true,"href":"https:\/\/comitati.fisi.org\/friuli-venezia-giulia\/wp-json\/wp\/v2\/media\/121851"}],"wp:attachment":[{"href":"https:\/\/comitati.fisi.org\/friuli-venezia-giulia\/wp-json\/wp\/v2\/media?parent=121850"}],"wp:term":[{"taxonomy":"category","embeddable":true,"href":"https:\/\/comitati.fisi.org\/friuli-venezia-giulia\/wp-json\/wp\/v2\/categories?post=121850"},{"taxonomy":"post_tag","embeddable":true,"href":"https:\/\/comitati.fisi.org\/friuli-venezia-giulia\/wp-json\/wp\/v2\/tags?post=121850"}],"curies":[{"name":"wp","href":"https:\/\/api.w.org\/{rel}","templated":true}]}}