{"id":121838,"date":"2026-03-05T06:50:49","date_gmt":"2026-03-05T06:50:49","guid":{"rendered":"https:\/\/comitati.fisi.org\/friuli-venezia-giulia\/?p=121838"},"modified":"2026-03-05T06:50:49","modified_gmt":"2026-03-05T06:50:49","slug":"dalla-regione-300-000-euro-alla-fisi-fvg-per-il-sostegno-degli-sport-invernali","status":"publish","type":"post","link":"https:\/\/comitati.fisi.org\/friuli-venezia-giulia\/blog\/2026\/03\/05\/dalla-regione-300-000-euro-alla-fisi-fvg-per-il-sostegno-degli-sport-invernali\/","title":{"rendered":"Dalla Regione 300.000 euro alla FISI FVG per il sostegno degli sport invernali"},"content":{"rendered":"\n<p>Un segnale concreto di attenzione verso le famiglie e i giovani atleti del Friuli Venezia Giulia arriva dalla Regione: nell\u2019ambito dell\u2019assestamento di bilancio 2025-2027 sono stati stanziati 300 mila euro a favore della FISI FVG per il sostegno degli sport invernali.<\/p>\n\n\n\n<p>L\u2019iniziativa nasce da un confronto con il territorio e dalla proposta avanzata dal presidente del Comitato Maurizio Dunnhofer. A sostenerla e promuoverne il percorso in Consiglio regionale \u00e8 stato il Vicepresidente del Consiglio regionale Stefano Mazzolini, con il supporto del Consigliere regionale Manuele Ferrari.<\/p>\n\n\n\n<figure class=\"wp-block-image size-full\"><img loading=\"lazy\" decoding=\"async\" width=\"500\" height=\"511\" src=\"https:\/\/comitati.fisi.org\/friuli-venezia-giulia\/wp-content\/uploads\/sites\/34\/2026\/03\/mazzolini-ferrari-2.jpeg\" alt=\"\" class=\"wp-image-121843\" srcset=\"https:\/\/comitati.fisi.org\/friuli-venezia-giulia\/wp-content\/uploads\/sites\/34\/2026\/03\/mazzolini-ferrari-2.jpeg 500w, https:\/\/comitati.fisi.org\/friuli-venezia-giulia\/wp-content\/uploads\/sites\/34\/2026\/03\/mazzolini-ferrari-2-294x300.jpeg 294w\" sizes=\"(max-width: 500px) 100vw, 500px\" \/><figcaption class=\"wp-element-caption\"><strong>MAZZOLINI E FERRARI<\/strong><\/figcaption><\/figure>\n\n\n\n<p>\u00abQuando il territorio segnala un\u2019esigenza concreta, il nostro dovere \u00e8 ascoltare e intervenire \u2013 dichiara Mazzolini \u2013. Sostenere gli sport invernali significa investire nei giovani, nelle famiglie e nelle nostre montagne. Con questo stanziamento garantiamo continuit\u00e0 e stabilit\u00e0 a un settore strategico per il Friuli Venezia Giulia\u00bb.<\/p>\n\n\n\n<p>Il contributo \u00e8 destinato a sostenere la pratica delle discipline invernali, dallo sci alpino allo sci nordico, con l\u2019obiettivo di alleggerire i costi che gravano sulle famiglie e rafforzare il sistema sportivo regionale.<\/p>\n\n\n\n<p>Ferrari sottolinea: \u00abEsprimo soddisfazione per questo risultato, raggiunto in sinergia con Mazzolini. L\u2019emendamento risponde a un\u2019esigenza concreta dei giovani atleti e delle loro famiglie, che devono affrontare costi importanti per praticare gli sport invernali. \u00c8 un sostegno reale a tutto il movimento regionale. Ringrazio il presidente Fedriga e la Giunta per l\u2019attenzione costante verso le politiche di sostegno alle famiglie e allo sport\u00bb.<\/p>\n\n\n\n<p>Il progetto avr\u00e0 durata triennale, assicurando programmazione e continuit\u00e0 agli interventi gi\u00e0 avviati negli anni precedenti. Soddisfazione anche da parte di Maurizio Dunnhofer: \u00abRingrazio la Regione, Mazzolini e Ferrari per aver accolto questa proposta. Il movimento degli sport invernali del Friuli Venezia Giulia sta vivendo una fase positiva e questo contributo rappresenta un aiuto concreto per le famiglie e per i nostri giovani atleti\u00bb.<\/p>\n\n\n\n<figure class=\"wp-block-image size-full\"><img loading=\"lazy\" decoding=\"async\" width=\"800\" height=\"410\" src=\"http:\/\/comitati.fisi.org\/friuli-venezia-giulia\/wp-content\/uploads\/sites\/34\/2025\/09\/Maurizio-Dunnhofer.jpg\" alt=\"\" class=\"wp-image-117010\" srcset=\"https:\/\/comitati.fisi.org\/friuli-venezia-giulia\/wp-content\/uploads\/sites\/34\/2025\/09\/Maurizio-Dunnhofer.jpg 800w, https:\/\/comitati.fisi.org\/friuli-venezia-giulia\/wp-content\/uploads\/sites\/34\/2025\/09\/Maurizio-Dunnhofer-300x154.jpg 300w, https:\/\/comitati.fisi.org\/friuli-venezia-giulia\/wp-content\/uploads\/sites\/34\/2025\/09\/Maurizio-Dunnhofer-768x394.jpg 768w\" sizes=\"(max-width: 800px) 100vw, 800px\" \/><figcaption class=\"wp-element-caption\"><strong>MAURIZIO DUNNHOFER<\/strong><\/figcaption><\/figure>\n\n\n\n<p>Un intervento che conferma la volont\u00e0 dell\u2019amministrazione regionale di investire nello sport come strumento educativo, sociale e di crescita del territorio.<\/p>\n","protected":false},"excerpt":{"rendered":"<p>La proposta \u00e8 stata avanzata dal presidente del Comitato Dunnhofer e in Consiglio regionale \u00e8 stata sostenuta da Mazzolini e Ferrari<\/p>\n","protected":false},"author":14,"featured_media":70908,"comment_status":"open","ping_status":"open","sticky":false,"template":"","format":"standard","meta":{"_acf_changed":false,"footnotes":""},"categories":[7,6,8],"tags":[],"acf":[],"_links":{"self":[{"href":"https:\/\/comitati.fisi.org\/friuli-venezia-giulia\/wp-json\/wp\/v2\/posts\/121838"}],"collection":[{"href":"https:\/\/comitati.fisi.org\/friuli-venezia-giulia\/wp-json\/wp\/v2\/posts"}],"about":[{"href":"https:\/\/comitati.fisi.org\/friuli-venezia-giulia\/wp-json\/wp\/v2\/types\/post"}],"author":[{"embeddable":true,"href":"https:\/\/comitati.fisi.org\/friuli-venezia-giulia\/wp-json\/wp\/v2\/users\/14"}],"replies":[{"embeddable":true,"href":"https:\/\/comitati.fisi.org\/friuli-venezia-giulia\/wp-json\/wp\/v2\/comments?post=121838"}],"version-history":[{"count":4,"href":"https:\/\/comitati.fisi.org\/friuli-venezia-giulia\/wp-json\/wp\/v2\/posts\/121838\/revisions"}],"predecessor-version":[{"id":121845,"href":"https:\/\/comitati.fisi.org\/friuli-venezia-giulia\/wp-json\/wp\/v2\/posts\/121838\/revisions\/121845"}],"wp:featuredmedia":[{"embeddable":true,"href":"https:\/\/comitati.fisi.org\/friuli-venezia-giulia\/wp-json\/wp\/v2\/media\/70908"}],"wp:attachment":[{"href":"https:\/\/comitati.fisi.org\/friuli-venezia-giulia\/wp-json\/wp\/v2\/media?parent=121838"}],"wp:term":[{"taxonomy":"category","embeddable":true,"href":"https:\/\/comitati.fisi.org\/friuli-venezia-giulia\/wp-json\/wp\/v2\/categories?post=121838"},{"taxonomy":"post_tag","embeddable":true,"href":"https:\/\/comitati.fisi.org\/friuli-venezia-giulia\/wp-json\/wp\/v2\/tags?post=121838"}],"curies":[{"name":"wp","href":"https:\/\/api.w.org\/{rel}","templated":true}]}}