{"id":119414,"date":"2026-01-16T15:18:18","date_gmt":"2026-01-16T15:18:18","guid":{"rendered":"https:\/\/comitati.fisi.org\/friuli-venezia-giulia\/?p=119414"},"modified":"2026-01-16T15:43:35","modified_gmt":"2026-01-16T15:43:35","slug":"lisa-vittozzi-terza-nella-sprint-di-ruhpolding","status":"publish","type":"post","link":"https:\/\/comitati.fisi.org\/friuli-venezia-giulia\/blog\/2026\/01\/16\/lisa-vittozzi-terza-nella-sprint-di-ruhpolding\/","title":{"rendered":"Lisa Vittozzi terza nella Sprint di Ruhpolding!"},"content":{"rendered":"\n<p>Secondo podio individuale dell\u2019anno per Lisa Vittozzi in Coppa del mondo. La sappadina del Centro Sportivo Carabinieri, vincitrice nella pursuit di Hochfilzen, \u00e8 giunta terza nella sprint femminile di Ruhpolding, alla fine di una gara molto tirata, in cui la precisione dal poligono ha fatto la differenza, con le prime 18 classificate nello spazio di 1\u2032 e le prime sette classificate con zero errori.<\/p>\n\n\n\n<p>Lisa si \u00e8 mostrata velocissima sia nella serie a terra, sia in quella in piedi, arrivando al traguardo con 11\u20337 dalla vincitrice svedese Hanna Oeberg, autrice di un 19\u201910\u20337 con cui ha preceduto la francesce Lou Jeanmonnot di 7\u20335 . La scelta di saltare la scorse tappa di Oberhof per rimettere benzina nel motore prima della lunga rincorsa olimpica si \u00e8 rivelata vincente, con il secondo posto nella staffetta di gioved\u00ec e questo altro podio nel format individuale pi\u00f9 breve. <\/p>\n\n\n\n<p>\u201cIl nostro programma di preparazione \u00e8 stato intelligente \u2013 spiega la sappadina riferendosi alla scelta di saltare la precedente tappa di Oberhof per svolgere una settimana di allenamento individuale -. Ovviamente tornare subito sul podio in due gare su due non era cos\u00ec scontato, per\u00f2 ho mostrato un biathlon molto solido. Sono fiduciosa di arrivare in forma alle Olimpiadi nel pieno della forma, non ho paura di sbagliare al poligono, dove riesco a esprimere tutta la mia naturalezza, mi sono ripromessa di non avere pi\u00f9 alcun timore e di pensare solamente a sparare, andando avanti gara per gara e accettare serenamente eventuali errori. Le pursuit sono le gare che mi piacciono di pi\u00f9, cercher\u00f2 di tirare fuori ugualmente il massimo\u201d.<\/p>\n\n\n\n<p>Nelle primissime posizioni sarebbe arrivata anche Dorothea Wierer senza un errore in piede, con il quale ha concluso 17sima, ma in piena corsa nella pursuit di domenica 18 gennaio, alla quale prenderanno parte anche Hannah Auchentaller (33sima con 1 errore), Michela Carrara (39sima con 3 errori) e Linda Zingerle (55sima con 2 errori). La classifica generale vede Jeanmonnot consolidare la vetta con 628 punti davanti a Suvi Minkkinen con 548 e Maren Kirkeeide con 521, Wierer \u00e8 settima con 387 e Vittozzi nona con 369.<\/p>\n\n\n\n<p><a href=\"https:\/\/www.biathlonworld.com\/results\/BT2526SWRLCP05SWSP\">CLASSIFICA<\/a><\/p>\n\n\n\n<p><\/p>\n","protected":false},"excerpt":{"rendered":"<p>Ancora un podio in Coppa del Mondo per la campionessa di Sappada<\/p>\n","protected":false},"author":14,"featured_media":119422,"comment_status":"open","ping_status":"open","sticky":false,"template":"","format":"standard","meta":{"_acf_changed":false,"footnotes":""},"categories":[7,5,6],"tags":[],"acf":[],"_links":{"self":[{"href":"https:\/\/comitati.fisi.org\/friuli-venezia-giulia\/wp-json\/wp\/v2\/posts\/119414"}],"collection":[{"href":"https:\/\/comitati.fisi.org\/friuli-venezia-giulia\/wp-json\/wp\/v2\/posts"}],"about":[{"href":"https:\/\/comitati.fisi.org\/friuli-venezia-giulia\/wp-json\/wp\/v2\/types\/post"}],"author":[{"embeddable":true,"href":"https:\/\/comitati.fisi.org\/friuli-venezia-giulia\/wp-json\/wp\/v2\/users\/14"}],"replies":[{"embeddable":true,"href":"https:\/\/comitati.fisi.org\/friuli-venezia-giulia\/wp-json\/wp\/v2\/comments?post=119414"}],"version-history":[{"count":4,"href":"https:\/\/comitati.fisi.org\/friuli-venezia-giulia\/wp-json\/wp\/v2\/posts\/119414\/revisions"}],"predecessor-version":[{"id":119424,"href":"https:\/\/comitati.fisi.org\/friuli-venezia-giulia\/wp-json\/wp\/v2\/posts\/119414\/revisions\/119424"}],"wp:featuredmedia":[{"embeddable":true,"href":"https:\/\/comitati.fisi.org\/friuli-venezia-giulia\/wp-json\/wp\/v2\/media\/119422"}],"wp:attachment":[{"href":"https:\/\/comitati.fisi.org\/friuli-venezia-giulia\/wp-json\/wp\/v2\/media?parent=119414"}],"wp:term":[{"taxonomy":"category","embeddable":true,"href":"https:\/\/comitati.fisi.org\/friuli-venezia-giulia\/wp-json\/wp\/v2\/categories?post=119414"},{"taxonomy":"post_tag","embeddable":true,"href":"https:\/\/comitati.fisi.org\/friuli-venezia-giulia\/wp-json\/wp\/v2\/tags?post=119414"}],"curies":[{"name":"wp","href":"https:\/\/api.w.org\/{rel}","templated":true}]}}