{"id":119377,"date":"2026-01-18T10:27:52","date_gmt":"2026-01-18T10:27:52","guid":{"rendered":"https:\/\/comitati.fisi.org\/friuli-venezia-giulia\/?p=119377"},"modified":"2026-01-18T13:21:55","modified_gmt":"2026-01-18T13:21:55","slug":"coppa-italia-biathlon-le-classifiche-della-sprint-femminile","status":"publish","type":"post","link":"https:\/\/comitati.fisi.org\/friuli-venezia-giulia\/blog\/2026\/01\/18\/coppa-italia-biathlon-le-classifiche-della-sprint-femminile\/","title":{"rendered":"Coppa Italia biathlon, le classifiche della Sprint della Val Martello"},"content":{"rendered":"\n<p>Seconda giornata in Val Martello per la nuova tappa della Coppa Italia di biathlon, presente la squadra FISI FVG.<br>In programma la sprint. <br>Nella 7.5 km U19 23a Sara Romanin, nella 6 km U17 19a Marta Menia, 20a Greta Colleselli, 30a Elisa Casanova Borca, mentre nella 7.5 Under 21 Sofia Del Fabbro \u00e8 seconda.<br>Nella 7.5 km Senior Astrid Pl\u00f6sch \u00e8 quarta.<\/p>\n\n\n\n<p>Per quanto riguarda le prove maschili, nella 10 km U19 12\u00b0 Filippo Tach, 13\u00b0 Andrea Da Corte, 22\u00b0 Samuele Degano, 25\u00b0 Alessandro Marta.<br>Nella 7.5 km U17 17\u00b0 Luca Ceconi, 23\u00b0 Nicolas Clerici, 26\u00b0 Andrea Zambelli, 28\u00b0 Andrea Nodale, 32\u00b0 Luca Colle Wincler, 36\u00b0 Giacomo Da Sacco, 39\u00b0 Alberto Zambelli.<br>Nei Senior terzo Cesare Lozza, quinto Fabio Piller Cottrer, sesto Alex Perissutti.<\/p>\n\n\n\n<p><strong><em>(in copertina Marta Menia nella foto d&#8217;archivio di Alberto Cella)<\/em><\/strong><\/p>\n\n\n\n<div data-wp-interactive=\"core\/file\" class=\"wp-block-file\"><object data-wp-bind--hidden=\"!state.hasPdfPreview\"  class=\"wp-block-file__embed\" data=\"https:\/\/comitati.fisi.org\/friuli-venezia-giulia\/wp-content\/uploads\/sites\/34\/2026\/01\/CLASSIFICA-SPRINT-FEMMINILE.pdf\" type=\"application\/pdf\" style=\"width:100%;height:600px\" aria-label=\"Incorporamento di CLASSIFICA SPRINT FEMMINILE.\"><\/object><a id=\"wp-block-file--media-8b01fbd8-e17f-4ea4-b3da-cd08aff8d565\" href=\"https:\/\/comitati.fisi.org\/friuli-venezia-giulia\/wp-content\/uploads\/sites\/34\/2026\/01\/CLASSIFICA-SPRINT-FEMMINILE.pdf\">CLASSIFICA SPRINT FEMMINILE<\/a><a href=\"https:\/\/comitati.fisi.org\/friuli-venezia-giulia\/wp-content\/uploads\/sites\/34\/2026\/01\/CLASSIFICA-SPRINT-FEMMINILE.pdf\" class=\"wp-block-file__button wp-element-button\" download aria-describedby=\"wp-block-file--media-8b01fbd8-e17f-4ea4-b3da-cd08aff8d565\">Download<\/a><\/div>\n\n\n\n<div data-wp-interactive=\"core\/file\" class=\"wp-block-file\"><object data-wp-bind--hidden=\"!state.hasPdfPreview\"  class=\"wp-block-file__embed\" data=\"https:\/\/comitati.fisi.org\/friuli-venezia-giulia\/wp-content\/uploads\/sites\/34\/2026\/01\/56818_SP-CLASSIFICA-UFFICIOSA-M.pdf\" type=\"application\/pdf\" style=\"width:100%;height:600px\" aria-label=\"Incorporamento di CLASSIFICA SPRINT MASCHILE.\"><\/object><a id=\"wp-block-file--media-0d0fc4a7-831f-497f-87b6-56ab51abd08a\" href=\"https:\/\/comitati.fisi.org\/friuli-venezia-giulia\/wp-content\/uploads\/sites\/34\/2026\/01\/56818_SP-CLASSIFICA-UFFICIOSA-M.pdf\">CLASSIFICA SPRINT MASCHILE<\/a><a href=\"https:\/\/comitati.fisi.org\/friuli-venezia-giulia\/wp-content\/uploads\/sites\/34\/2026\/01\/56818_SP-CLASSIFICA-UFFICIOSA-M.pdf\" class=\"wp-block-file__button wp-element-button\" download aria-describedby=\"wp-block-file--media-0d0fc4a7-831f-497f-87b6-56ab51abd08a\">Download<\/a><\/div>\n","protected":false},"excerpt":{"rendered":"<p>Seconda giornata di gare in Alto Adige<\/p>\n","protected":false},"author":14,"featured_media":112282,"comment_status":"open","ping_status":"open","sticky":false,"template":"","format":"standard","meta":{"_acf_changed":false,"footnotes":""},"categories":[7,5,8],"tags":[],"acf":[],"_links":{"self":[{"href":"https:\/\/comitati.fisi.org\/friuli-venezia-giulia\/wp-json\/wp\/v2\/posts\/119377"}],"collection":[{"href":"https:\/\/comitati.fisi.org\/friuli-venezia-giulia\/wp-json\/wp\/v2\/posts"}],"about":[{"href":"https:\/\/comitati.fisi.org\/friuli-venezia-giulia\/wp-json\/wp\/v2\/types\/post"}],"author":[{"embeddable":true,"href":"https:\/\/comitati.fisi.org\/friuli-venezia-giulia\/wp-json\/wp\/v2\/users\/14"}],"replies":[{"embeddable":true,"href":"https:\/\/comitati.fisi.org\/friuli-venezia-giulia\/wp-json\/wp\/v2\/comments?post=119377"}],"version-history":[{"count":5,"href":"https:\/\/comitati.fisi.org\/friuli-venezia-giulia\/wp-json\/wp\/v2\/posts\/119377\/revisions"}],"predecessor-version":[{"id":119581,"href":"https:\/\/comitati.fisi.org\/friuli-venezia-giulia\/wp-json\/wp\/v2\/posts\/119377\/revisions\/119581"}],"wp:featuredmedia":[{"embeddable":true,"href":"https:\/\/comitati.fisi.org\/friuli-venezia-giulia\/wp-json\/wp\/v2\/media\/112282"}],"wp:attachment":[{"href":"https:\/\/comitati.fisi.org\/friuli-venezia-giulia\/wp-json\/wp\/v2\/media?parent=119377"}],"wp:term":[{"taxonomy":"category","embeddable":true,"href":"https:\/\/comitati.fisi.org\/friuli-venezia-giulia\/wp-json\/wp\/v2\/categories?post=119377"},{"taxonomy":"post_tag","embeddable":true,"href":"https:\/\/comitati.fisi.org\/friuli-venezia-giulia\/wp-json\/wp\/v2\/tags?post=119377"}],"curies":[{"name":"wp","href":"https:\/\/api.w.org\/{rel}","templated":true}]}}