{"id":119307,"date":"2026-01-14T15:20:59","date_gmt":"2026-01-14T15:20:59","guid":{"rendered":"https:\/\/comitati.fisi.org\/friuli-venezia-giulia\/?p=119307"},"modified":"2026-01-14T15:21:34","modified_gmt":"2026-01-14T15:21:34","slug":"litalia-con-lisa-vittozzi-in-ultima-frazione-2a-nella-staffetta-femminile-di-coppa-del-mondo","status":"publish","type":"post","link":"https:\/\/comitati.fisi.org\/friuli-venezia-giulia\/blog\/2026\/01\/14\/litalia-con-lisa-vittozzi-in-ultima-frazione-2a-nella-staffetta-femminile-di-coppa-del-mondo\/","title":{"rendered":"L&#8217;Italia, con Lisa Vittozzi in ultima frazione, 2\u00aa nella staffetta femminile di Coppa del Mondo"},"content":{"rendered":"\n<p>Sfuma a pochi metri dal traguardo di fronte ad un\u2019arrembante Maren Kirkkeide il sogno dell\u2019Italia di aggiudicarsi la staffetta femminile che ha aperto la tappa di Coppa del mondo a Ruhpolding. La squadra composta da Hannan Auchentaller, Dorothea Wierer, Michela Carrara e Lisa Vittozzi sfodera una grande prestazione facendo gara di vertice in tutte e e quattro le frazioni, a cominciare da Auchentaller, capace di una sola ricarica nella serie in piedi ma capace ugualmente di dare il cambio a Wierer in seconda posizione.<\/p>\n\n\n\n<p>L\u2019altoatesina, al rientro dopo avere saltato la tappa di Oberhof per perfezionare la preparazione, \u00e8 impressionante al poligono (nonostante un errore in piedi) e consegna il cambio in terza piazza, attaccata alla leader provvisoria Svezia, con Carrara (due ricariche) addirittura a chiudere in testa la terza frazione sorpassando la Svezia. Entra cos\u00ec in scena Vittozzi, clamorosa al poligono con due serie superveloci: la sappadina esce dall\u2019ultimo poligono con qualche secondo di vantaggio sulla Francia di Julia Simon, che viene rimontata metro dopo metro da una straripante Norvegia e della Svezia. Lisa cerca di resistere a Kirkkeide, che per\u00f2 chiude i pochi metri di distacco proprio in vista dello sprint conclusivo, in cui precede Vittozzi di nemmeno 1\u2033, mentre la Svezia \u00e8 terza. Per Lisa si tratta del quarto podio stagionale<\/p>\n\n\n\n<p>Per la squadra italiana si tratta del podio numero 12 di questa fantastica stagione, gioved\u00ec 15 gennaio toccher\u00e0 alla staffetta maschile che lascia a riposo per una volta Tommaso Giacomel e schierer\u00e0 Patrick Braunhofer, Lukas Hofer, Elia Zeni e l&#8217;esordiente assoluto in staffetta Nicola Romanin.<\/p>\n\n\n\n<p><\/p>\n","protected":false},"excerpt":{"rendered":"<p>Quarto podio stagionale per la sappadina<\/p>\n","protected":false},"author":14,"featured_media":119313,"comment_status":"open","ping_status":"open","sticky":false,"template":"","format":"standard","meta":{"_acf_changed":false,"footnotes":""},"categories":[7,5,6],"tags":[],"acf":[],"_links":{"self":[{"href":"https:\/\/comitati.fisi.org\/friuli-venezia-giulia\/wp-json\/wp\/v2\/posts\/119307"}],"collection":[{"href":"https:\/\/comitati.fisi.org\/friuli-venezia-giulia\/wp-json\/wp\/v2\/posts"}],"about":[{"href":"https:\/\/comitati.fisi.org\/friuli-venezia-giulia\/wp-json\/wp\/v2\/types\/post"}],"author":[{"embeddable":true,"href":"https:\/\/comitati.fisi.org\/friuli-venezia-giulia\/wp-json\/wp\/v2\/users\/14"}],"replies":[{"embeddable":true,"href":"https:\/\/comitati.fisi.org\/friuli-venezia-giulia\/wp-json\/wp\/v2\/comments?post=119307"}],"version-history":[{"count":4,"href":"https:\/\/comitati.fisi.org\/friuli-venezia-giulia\/wp-json\/wp\/v2\/posts\/119307\/revisions"}],"predecessor-version":[{"id":119315,"href":"https:\/\/comitati.fisi.org\/friuli-venezia-giulia\/wp-json\/wp\/v2\/posts\/119307\/revisions\/119315"}],"wp:featuredmedia":[{"embeddable":true,"href":"https:\/\/comitati.fisi.org\/friuli-venezia-giulia\/wp-json\/wp\/v2\/media\/119313"}],"wp:attachment":[{"href":"https:\/\/comitati.fisi.org\/friuli-venezia-giulia\/wp-json\/wp\/v2\/media?parent=119307"}],"wp:term":[{"taxonomy":"category","embeddable":true,"href":"https:\/\/comitati.fisi.org\/friuli-venezia-giulia\/wp-json\/wp\/v2\/categories?post=119307"},{"taxonomy":"post_tag","embeddable":true,"href":"https:\/\/comitati.fisi.org\/friuli-venezia-giulia\/wp-json\/wp\/v2\/tags?post=119307"}],"curies":[{"name":"wp","href":"https:\/\/api.w.org\/{rel}","templated":true}]}}