{"id":119037,"date":"2026-01-10T11:02:10","date_gmt":"2026-01-10T11:02:10","guid":{"rendered":"https:\/\/comitati.fisi.org\/friuli-venezia-giulia\/?p=119037"},"modified":"2026-01-10T13:25:57","modified_gmt":"2026-01-10T13:25:57","slug":"andrea-da-corte-9-nella-sprint-u17-dei-campionati-italiani-di-biathlon","status":"publish","type":"post","link":"https:\/\/comitati.fisi.org\/friuli-venezia-giulia\/blog\/2026\/01\/10\/andrea-da-corte-9-nella-sprint-u17-dei-campionati-italiani-di-biathlon\/","title":{"rendered":"Maya Pividori 4\u00aa e Andrea Da Corte 9\u00b0 nella sprint dei Campionati Italiani di biathlon"},"content":{"rendered":"\n<p>Isolaccia (Sondrio) ospita la prima tappa dei Campionati Italiani di biathlon U21, U19 e U17, manifestazione valida anche per la Coppa Italia. Il programma prevede oggi la sprint, domani l\u2019inseguimento.<\/p>\n\n\n\n<p>In mattinata si sono svolte le prove maschili.<br>Nella 7.5 km U17, vinta dal valdostano Walter Landry, 19\u00b0 Andrea Zambelli, 44\u00b0 Luca Ceconi, 53\u00b0 Andrea Nodale.<br>Nella 10 km U19, che ha visto il piemontese Filippo Massimino conquistare il titolo, nono posto per Andrea Da Corte (terzo tra gli esponenti di uno sci club civile, la Monte Coglians). E ancora 17\u00b0 Filippo Tach, 22\u00b0 Alessandro Marta, 26\u00b0 Manuel Iorio, 27\u00b0 Samuele Degano.<br>Nella 10 km U21, vinta da Hannes Bacher del Cs Carabinieri, decimo Marco Iorio e undicesimo Marco Da Pozzo.<br>Da sottolineare nella 10 Km Senior, non valida per i Campionati Italiani, il successo di Alex Perissutti, con il compaesano Cesare Lozza settimo e Fabio Piller Cottrer ottavo.<\/p>\n\n\n\n<p>Successivamente si sono disputate le prove femminile, con Maya Pividori che chiude quarta la 7.5 km U21, mentre Sofia Del Fabbro \u00e8 ottava.<br>Nella 7.5 km U19 Sara Romanin \u00e8 24a, mentre nella 6 km u17 Greta Colleselli \u00e8 30a, Marta Menia Tamon 31a e Marta Del Fabbro 43a.<\/p>\n\n\n\n<p><strong><em>(in copertina Andrea Da Corte nella foto d&#8217;archivio di Alberto Cella)<\/em><\/strong><\/p>\n\n\n\n<div data-wp-interactive=\"core\/file\" class=\"wp-block-file\"><object data-wp-bind--hidden=\"!state.hasPdfPreview\"  class=\"wp-block-file__embed\" data=\"https:\/\/comitati.fisi.org\/friuli-venezia-giulia\/wp-content\/uploads\/sites\/34\/2026\/01\/CLASSIFICHE-SPRINT-MASCHILE.pdf\" type=\"application\/pdf\" style=\"width:100%;height:600px\" aria-label=\"Incorporamento di CLASSIFICHE SPRINT MASCHILE.\"><\/object><a id=\"wp-block-file--media-5069e997-6b2c-4267-8294-c41ee1bcc7d7\" href=\"https:\/\/comitati.fisi.org\/friuli-venezia-giulia\/wp-content\/uploads\/sites\/34\/2026\/01\/CLASSIFICHE-SPRINT-MASCHILE.pdf\">CLASSIFICHE SPRINT MASCHILE<\/a><a href=\"https:\/\/comitati.fisi.org\/friuli-venezia-giulia\/wp-content\/uploads\/sites\/34\/2026\/01\/CLASSIFICHE-SPRINT-MASCHILE.pdf\" class=\"wp-block-file__button wp-element-button\" download aria-describedby=\"wp-block-file--media-5069e997-6b2c-4267-8294-c41ee1bcc7d7\">Download<\/a><\/div>\n\n\n\n<div data-wp-interactive=\"core\/file\" class=\"wp-block-file\"><object data-wp-bind--hidden=\"!state.hasPdfPreview\"  class=\"wp-block-file__embed\" data=\"https:\/\/comitati.fisi.org\/friuli-venezia-giulia\/wp-content\/uploads\/sites\/34\/2026\/01\/CLASSIFICHE-SPRINT-FEMMINILE.pdf\" type=\"application\/pdf\" style=\"width:100%;height:600px\" aria-label=\"Incorporamento di CLASSIFICHE SPRINT FEMMINILE.\"><\/object><a id=\"wp-block-file--media-9ab53c92-535a-40d1-9cf2-b4bbdf2960c2\" href=\"https:\/\/comitati.fisi.org\/friuli-venezia-giulia\/wp-content\/uploads\/sites\/34\/2026\/01\/CLASSIFICHE-SPRINT-FEMMINILE.pdf\">CLASSIFICHE SPRINT FEMMINILE<\/a><a href=\"https:\/\/comitati.fisi.org\/friuli-venezia-giulia\/wp-content\/uploads\/sites\/34\/2026\/01\/CLASSIFICHE-SPRINT-FEMMINILE.pdf\" class=\"wp-block-file__button wp-element-button\" download aria-describedby=\"wp-block-file--media-9ab53c92-535a-40d1-9cf2-b4bbdf2960c2\">Download<\/a><\/div>\n","protected":false},"excerpt":{"rendered":"<p>Prima giornata di gare a Isolaccia<\/p>\n","protected":false},"author":14,"featured_media":112191,"comment_status":"open","ping_status":"open","sticky":false,"template":"","format":"standard","meta":{"_acf_changed":false,"footnotes":""},"categories":[7,5,6],"tags":[],"acf":[],"_links":{"self":[{"href":"https:\/\/comitati.fisi.org\/friuli-venezia-giulia\/wp-json\/wp\/v2\/posts\/119037"}],"collection":[{"href":"https:\/\/comitati.fisi.org\/friuli-venezia-giulia\/wp-json\/wp\/v2\/posts"}],"about":[{"href":"https:\/\/comitati.fisi.org\/friuli-venezia-giulia\/wp-json\/wp\/v2\/types\/post"}],"author":[{"embeddable":true,"href":"https:\/\/comitati.fisi.org\/friuli-venezia-giulia\/wp-json\/wp\/v2\/users\/14"}],"replies":[{"embeddable":true,"href":"https:\/\/comitati.fisi.org\/friuli-venezia-giulia\/wp-json\/wp\/v2\/comments?post=119037"}],"version-history":[{"count":5,"href":"https:\/\/comitati.fisi.org\/friuli-venezia-giulia\/wp-json\/wp\/v2\/posts\/119037\/revisions"}],"predecessor-version":[{"id":119093,"href":"https:\/\/comitati.fisi.org\/friuli-venezia-giulia\/wp-json\/wp\/v2\/posts\/119037\/revisions\/119093"}],"wp:featuredmedia":[{"embeddable":true,"href":"https:\/\/comitati.fisi.org\/friuli-venezia-giulia\/wp-json\/wp\/v2\/media\/112191"}],"wp:attachment":[{"href":"https:\/\/comitati.fisi.org\/friuli-venezia-giulia\/wp-json\/wp\/v2\/media?parent=119037"}],"wp:term":[{"taxonomy":"category","embeddable":true,"href":"https:\/\/comitati.fisi.org\/friuli-venezia-giulia\/wp-json\/wp\/v2\/categories?post=119037"},{"taxonomy":"post_tag","embeddable":true,"href":"https:\/\/comitati.fisi.org\/friuli-venezia-giulia\/wp-json\/wp\/v2\/tags?post=119037"}],"curies":[{"name":"wp","href":"https:\/\/api.w.org\/{rel}","templated":true}]}}